{"id":136326,"date":"2026-01-14T22:57:46","date_gmt":"2026-01-14T22:57:46","guid":{"rendered":"https:\/\/www.europesays.com\/se\/136326\/"},"modified":"2026-01-14T22:57:46","modified_gmt":"2026-01-14T22:57:46","slug":"klarna-utmanar-bankerna-lanserar-swish-konkurrent","status":"publish","type":"post","link":"https:\/\/www.europesays.com\/se\/136326\/","title":{"rendered":"Klarna utmanar bankerna \u2013 lanserar Swish-konkurrent"},"content":{"rendered":"<p class=\"kicker color_mobile_no_bg_color\" style=\"\">TECH<\/p>\n<p>\n        Klarnas vd Sebastian Siemiatkowski i samband med b\u00f6rsnoteringen i New York i h\u00f6stas.<br \/>\n        Richard Drew\/AP\/TT\n    <\/p>\n<p>    Betaltj\u00e4nsten Klarna lanserar egen Swish-variant och tar d\u00e4rmed upp konkurrensen med storbankerna.<\/p>\n<p>Med den nya funktionen kan kunderna skicka pengar mellan varandra p\u00e5 samma s\u00e4tt som den popul\u00e4ra tj\u00e4nsten Swish fungerar. <\/p>\n<p>\u201dVi vill att Klarna ska fungera som en fullst\u00e4ndig bankl\u00f6sning f\u00f6r v\u00e5ra kunder. Med betalningar mellan privatpersoner g\u00f6r vi det \u00e4nnu enklare att hantera alla sina betalningar via Klarna\u201d, s\u00e4ger vd Sebastian Siemiatkowski i ett pressmeddelande. <\/p>\n<p>Tj\u00e4nsten \u00e4r redan ig\u00e5ng i mindre skala. Den ska rullas ut gradvis i 13 europeiska l\u00e4nder, men g\u00e4ller till en b\u00f6rjan bara mellan kunder som har Klarna-konto. P\u00e5 sikt ska det g\u00e5 att skicka pengar \u00f6ver landgr\u00e4nserna ocks\u00e5. <\/p>\n","protected":false},"excerpt":{"rendered":"TECH Klarnas vd Sebastian Siemiatkowski i samband med b\u00f6rsnoteringen i New York i h\u00f6stas. Richard Drew\/AP\/TT Betaltj\u00e4nsten Klarna&hellip;\n","protected":false},"author":2,"featured_media":136327,"comment_status":"","ping_status":"","sticky":false,"template":"","format":"standard","meta":{"footnotes":""},"categories":[65],"tags":[72,70,71,34,31,33,32,30],"class_list":{"0":"post-136326","1":"post","2":"type-post","3":"status-publish","4":"format-standard","5":"has-post-thumbnail","7":"category-ekonomi","8":"tag-business","9":"tag-economy","10":"tag-ekonomi","11":"tag-se","12":"tag-svenska","13":"tag-sverige","14":"tag-sweden","15":"tag-swedish"},"share_on_mastodon":{"url":"https:\/\/pubeurope.com\/@se\/115895933576513268","error":""},"_links":{"self":[{"href":"https:\/\/www.europesays.com\/se\/wp-json\/wp\/v2\/posts\/136326","targetHints":{"allow":["GET"]}}],"collection":[{"href":"https:\/\/www.europesays.com\/se\/wp-json\/wp\/v2\/posts"}],"about":[{"href":"https:\/\/www.europesays.com\/se\/wp-json\/wp\/v2\/types\/post"}],"author":[{"embeddable":true,"href":"https:\/\/www.europesays.com\/se\/wp-json\/wp\/v2\/users\/2"}],"replies":[{"embeddable":true,"href":"https:\/\/www.europesays.com\/se\/wp-json\/wp\/v2\/comments?post=136326"}],"version-history":[{"count":0,"href":"https:\/\/www.europesays.com\/se\/wp-json\/wp\/v2\/posts\/136326\/revisions"}],"wp:featuredmedia":[{"embeddable":true,"href":"https:\/\/www.europesays.com\/se\/wp-json\/wp\/v2\/media\/136327"}],"wp:attachment":[{"href":"https:\/\/www.europesays.com\/se\/wp-json\/wp\/v2\/media?parent=136326"}],"wp:term":[{"taxonomy":"category","embeddable":true,"href":"https:\/\/www.europesays.com\/se\/wp-json\/wp\/v2\/categories?post=136326"},{"taxonomy":"post_tag","embeddable":true,"href":"https:\/\/www.europesays.com\/se\/wp-json\/wp\/v2\/tags?post=136326"}],"curies":[{"name":"wp","href":"https:\/\/api.w.org\/{rel}","templated":true}]}}