{"id":136328,"date":"2026-01-14T22:58:09","date_gmt":"2026-01-14T22:58:09","guid":{"rendered":"https:\/\/www.europesays.com\/se\/136328\/"},"modified":"2026-01-14T22:58:09","modified_gmt":"2026-01-14T22:58:09","slug":"ny-politisk-era-i-venezuela","status":"publish","type":"post","link":"https:\/\/www.europesays.com\/se\/136328\/","title":{"rendered":"Ny politisk era i Venezuela"},"content":{"rendered":"<p><strong>\u201dBudskapet \u00e4r ett<\/strong> Venezuela som tr\u00e4der in i en ny politisk verklighet som \u00f6ppnar f\u00f6r f\u00f6rst\u00e5else trots meningsskiljaktigheter och politiska och ideologiska skillnader\u201d, s\u00e4ger Delcy Rodr\u00edguez vid ett tal i regeringsh\u00f6gkvarteret i Caracas, rapporterar nyhetsbyr\u00e5n Efe.<\/p>\n<p>Enligt Rodr\u00edguez har man hittills sl\u00e4ppt 406 f\u00e5ngar sedan frigivningsprocessen inleddes i december.<\/p>\n<p>R\u00e4ttighetsorganisationen Foro Penal uppger dock att endast omkring 180 personer frigivits.<\/p>\n<p>Delcy Rodr\u00edguez var vicepresident under president Nicol\u00e1s Maduro, som tillf\u00e5ngatogs i USA:s attack mot Venezuela den 3 januari.<\/p>\n<p><strong>USA:s president Donald Trump<\/strong>, som vill komma \u00e5t Venezuelas olja, ber\u00f6mmer Rodr\u00edguez efter ett telefonsamtal p\u00e5 onsdagen.<\/p>\n<p>\u201dVi diskuterade m\u00e5nga saker och jag tror att vi kommer v\u00e4ldigt bra \u00f6verens med Venezuela\u201d, s\u00e4ger Trump till reportrar i Ovala rummet.<\/p>\n","protected":false},"excerpt":{"rendered":"\u201dBudskapet \u00e4r ett Venezuela som tr\u00e4der in i en ny politisk verklighet som \u00f6ppnar f\u00f6r f\u00f6rst\u00e5else trots meningsskiljaktigheter&hellip;\n","protected":false},"author":2,"featured_media":136329,"comment_status":"","ping_status":"","sticky":false,"template":"","format":"standard","meta":{"footnotes":""},"categories":[14],"tags":[22,23,26,27,17,21,24,25,28,29,15,16,18,34,31,33,32,30,19,20,51,52,53,54],"class_list":{"0":"post-136328","1":"post","2":"type-post","3":"status-publish","4":"format-standard","5":"has-post-thumbnail","7":"category-varlden","8":"tag-breaking-news","9":"tag-breakingnews","10":"tag-featured-news","11":"tag-featurednews","12":"tag-headlines","13":"tag-huvudnyheter","14":"tag-latest-news","15":"tag-latestnews","16":"tag-main-news","17":"tag-mainnews","18":"tag-news","19":"tag-nyheter","20":"tag-rubriker","21":"tag-se","22":"tag-svenska","23":"tag-sverige","24":"tag-sweden","25":"tag-swedish","26":"tag-top-stories","27":"tag-topstories","28":"tag-varlden","29":"tag-world","30":"tag-world-news","31":"tag-worldnews"},"share_on_mastodon":{"url":"https:\/\/pubeurope.com\/@se\/115895933638477295","error":""},"_links":{"self":[{"href":"https:\/\/www.europesays.com\/se\/wp-json\/wp\/v2\/posts\/136328","targetHints":{"allow":["GET"]}}],"collection":[{"href":"https:\/\/www.europesays.com\/se\/wp-json\/wp\/v2\/posts"}],"about":[{"href":"https:\/\/www.europesays.com\/se\/wp-json\/wp\/v2\/types\/post"}],"author":[{"embeddable":true,"href":"https:\/\/www.europesays.com\/se\/wp-json\/wp\/v2\/users\/2"}],"replies":[{"embeddable":true,"href":"https:\/\/www.europesays.com\/se\/wp-json\/wp\/v2\/comments?post=136328"}],"version-history":[{"count":0,"href":"https:\/\/www.europesays.com\/se\/wp-json\/wp\/v2\/posts\/136328\/revisions"}],"wp:featuredmedia":[{"embeddable":true,"href":"https:\/\/www.europesays.com\/se\/wp-json\/wp\/v2\/media\/136329"}],"wp:attachment":[{"href":"https:\/\/www.europesays.com\/se\/wp-json\/wp\/v2\/media?parent=136328"}],"wp:term":[{"taxonomy":"category","embeddable":true,"href":"https:\/\/www.europesays.com\/se\/wp-json\/wp\/v2\/categories?post=136328"},{"taxonomy":"post_tag","embeddable":true,"href":"https:\/\/www.europesays.com\/se\/wp-json\/wp\/v2\/tags?post=136328"}],"curies":[{"name":"wp","href":"https:\/\/api.w.org\/{rel}","templated":true}]}}