{"id":136330,"date":"2026-01-14T22:59:10","date_gmt":"2026-01-14T22:59:10","guid":{"rendered":"https:\/\/www.europesays.com\/se\/136330\/"},"modified":"2026-01-14T22:59:10","modified_gmt":"2026-01-14T22:59:10","slug":"bra-for-centrum-smalanningen","status":"publish","type":"post","link":"https:\/\/www.europesays.com\/se\/136330\/","title":{"rendered":"\u201dBra f\u00f6r centrum\u201d \u2013 Sm\u00e5l\u00e4nningen"},"content":{"rendered":"<p>Den klassiska restaurangen ers\u00e4tts av n\u00e5got helt nytt.<\/p>\n<p>En helt ny restaurang med det b\u00e4sta av tv\u00e5 v\u00e4rldar.<\/p>\n<p>\u2013 Jag kommer fokusera \u00e4nnu mer p\u00e5 det vietnamesiska k\u00f6ket, s\u00e4ger Ahn Dao Le Thi.<\/p>\n<p><img loading=\"lazy\" decoding=\"async\" width=\"980\" height=\"551\" class=\"article-image article-image--featured\" alt=\"Magnus Thuvesson \u00e4r tillsammans med sin fru Sara Ottosson engagerad i att ge nya restaurangen en bra start.&#10;\u2013 Det \u00e4r unik mat som tagits emot v\u00e4l i \u00c4lmhult.\" src=\"https:\/\/www.europesays.com\/se\/wp-content\/uploads\/2026\/01\/3d351828-3a56-4ffe-82fc-88ec4be22552.jpeg\"  \/><a class=\"article__lightbox-link\" href=\"https:\/\/static.bonniernews.se\/ba\/3d351828-3a56-4ffe-82fc-88ec4be22552.jpeg?crop=4032%2C2268%2Cx0%2Cy378&amp;width=1400&amp;format=pjpg&amp;auto=avif\" data-pswp-width=\"1400\" data-pswp-height=\"788\" data-pswp-caption=\"Magnus Thuvesson \u00e4r tillsammans med sin fru Sara Ottosson engagerad i att ge nya restaurangen en bra start.&#010;\u2013 Det \u00e4r unik mat som tagits emot v\u00e4l i \u00c4lmhult. Bild: Anna Lilliequist\" data-pswp- rel=\"nofollow noopener\" target=\"_blank\">\u00d6ppna bild i helsk\u00e4rmsl\u00e4ge<\/a><\/p>\n<p class=\"txt-style-muted\" aria-hidden=\"true\">Magnus Thuvesson \u00e4r tillsammans med sin fru Sara Ottosson engagerad i att ge nya restaurangen en bra start.<br \/>\n\u2013 Det \u00e4r unik mat som tagits emot v\u00e4l i \u00c4lmhult.<\/p>\n<p class=\"article__figcaption-attribution txt-style-muted\">Bild: Anna Lilliequist<\/p>\n<p>Det var m\u00e5nga som tyckte det var tr\u00e5kigt n\u00e4r Ahn Dao Le Thi <a class=\"article__content-link\" href=\"https:\/\/www.smalanningen.se\/2025-12-15\/darfor-stanger-hon-restaurangen-blir-en-nysatsning\/\" rel=\"nofollow noopener\" target=\"_blank\">valde att st\u00e4nga <\/a>ned sin restaurang A&amp;D Vi\u00eat p\u00e5 torget.<\/p>\n<p>Tekniskt fel<\/p>\n<p class=\"message__text txt-ui txt-ui-2\">V\u00e4nligen f\u00f6rs\u00f6k igen senare.<\/p>\n<p>Den h\u00e4r artikeln \u00e4r bara f\u00f6r prenumeranter<\/p>\n<p class=\"txt-body txt-body-1\">Om du redan \u00e4r prenumerant: logga in!<\/p>\n","protected":false},"excerpt":{"rendered":"Den klassiska restaurangen ers\u00e4tts av n\u00e5got helt nytt. En helt ny restaurang med det b\u00e4sta av tv\u00e5 v\u00e4rldar.&hellip;\n","protected":false},"author":2,"featured_media":136331,"comment_status":"","ping_status":"","sticky":false,"template":"","format":"standard","meta":{"footnotes":""},"categories":[12],"tags":[22,23,26,27,17,21,24,25,28,29,15,16,18,34,31,33,32,30,19,20],"class_list":{"0":"post-136330","1":"post","2":"type-post","3":"status-publish","4":"format-standard","5":"has-post-thumbnail","7":"category-sverige","8":"tag-breaking-news","9":"tag-breakingnews","10":"tag-featured-news","11":"tag-featurednews","12":"tag-headlines","13":"tag-huvudnyheter","14":"tag-latest-news","15":"tag-latestnews","16":"tag-main-news","17":"tag-mainnews","18":"tag-news","19":"tag-nyheter","20":"tag-rubriker","21":"tag-se","22":"tag-svenska","23":"tag-sverige","24":"tag-sweden","25":"tag-swedish","26":"tag-top-stories","27":"tag-topstories"},"share_on_mastodon":{"url":"https:\/\/pubeurope.com\/@se\/115895937489982005","error":""},"_links":{"self":[{"href":"https:\/\/www.europesays.com\/se\/wp-json\/wp\/v2\/posts\/136330","targetHints":{"allow":["GET"]}}],"collection":[{"href":"https:\/\/www.europesays.com\/se\/wp-json\/wp\/v2\/posts"}],"about":[{"href":"https:\/\/www.europesays.com\/se\/wp-json\/wp\/v2\/types\/post"}],"author":[{"embeddable":true,"href":"https:\/\/www.europesays.com\/se\/wp-json\/wp\/v2\/users\/2"}],"replies":[{"embeddable":true,"href":"https:\/\/www.europesays.com\/se\/wp-json\/wp\/v2\/comments?post=136330"}],"version-history":[{"count":0,"href":"https:\/\/www.europesays.com\/se\/wp-json\/wp\/v2\/posts\/136330\/revisions"}],"wp:featuredmedia":[{"embeddable":true,"href":"https:\/\/www.europesays.com\/se\/wp-json\/wp\/v2\/media\/136331"}],"wp:attachment":[{"href":"https:\/\/www.europesays.com\/se\/wp-json\/wp\/v2\/media?parent=136330"}],"wp:term":[{"taxonomy":"category","embeddable":true,"href":"https:\/\/www.europesays.com\/se\/wp-json\/wp\/v2\/categories?post=136330"},{"taxonomy":"post_tag","embeddable":true,"href":"https:\/\/www.europesays.com\/se\/wp-json\/wp\/v2\/tags?post=136330"}],"curies":[{"name":"wp","href":"https:\/\/api.w.org\/{rel}","templated":true}]}}