{"id":136345,"date":"2026-01-14T23:13:30","date_gmt":"2026-01-14T23:13:30","guid":{"rendered":"https:\/\/www.europesays.com\/se\/136345\/"},"modified":"2026-01-14T23:13:30","modified_gmt":"2026-01-14T23:13:30","slug":"ilija-batljan-invest-stams-av-obligationsinnehavare","status":"publish","type":"post","link":"https:\/\/www.europesays.com\/se\/136345\/","title":{"rendered":"Ilija Batljan Invest st\u00e4ms av obligationsinnehavare"},"content":{"rendered":"<p class=\"css-176tai e1hyot0s2\">Det framg\u00e5r av ett pressmeddelande.<\/p>\n<p class=\"css-176tai e1hyot0s2\"><strong>L\u00e4s mer:<\/strong> <a href=\"https:\/\/www.fastighetsnytt.se\/ekonomi\/finansiering\/obligationsbraket-i-ib-invest-fullkomlig-katastrof-for-marknaden\/\" rel=\"nofollow noopener\" target=\"_blank\">Obligationsbr\u00e5ket i IB Invest: \u201dFullkomlig katastrof f\u00f6r marknaden\u201d<\/a><\/p>\n<p class=\"css-176tai e1hyot0s2\">Bakgrund \u00e4r att Ilija Batljan Invest den 8 januari i \u00e5r meddelade att Nordic Trustee &amp; Agency, i egenskap av agent f\u00f6r dess utest\u00e5ende obligationer med isin-kod SE0016101810 den 5 januari mottog en beg\u00e4ran fr\u00e5n tre obligationsinnehavare representerande cirka 19,44 procent av det totala nominella beloppet f\u00f6r obligationerna att agenten ska inleda r\u00e4ttsligt f\u00f6rfarande mot bolaget. Samtidigt meddelades att agenten \u00e4r, och kommer att forts\u00e4tta vara, f\u00f6rhindrad att agera i enlighet med de instruktioner som mottagits fr\u00e5n de tre obligationsinnehavarna.<\/p>\n<p class=\"css-176tai e1hyot0s2\"><strong>L\u00e4s mer:<\/strong> <a href=\"https:\/\/www.fastighetsnytt.se\/ekonomi\/bors\/ilija-batljan-om-episurf-manga-stora-fastighetsbolag-har-startat-sa-har\/\" rel=\"nofollow noopener\" target=\"_blank\">Ilija Batljan om Episurf: M\u00e5nga stora fastighetsbolag har startat s\u00e5 h\u00e4r<\/a><\/p>\n<p class=\"css-176tai e1hyot0s2\">Bolaget har p\u00e5 tisdagen den 13 januari tagit del av en st\u00e4mningsans\u00f6kan som tillst\u00e4llts Stockholms tingsr\u00e4tt fr\u00e5n en av de tre obligationsinnehavarna, Agenta Investment Management, f\u00f6rvaltare avseende cirka 16,11 procent av utest\u00e5ende obligationer. I st\u00e4mningsans\u00f6kan yrkar Agenta att tingsr\u00e4tten ska fastst\u00e4lla att betalningsskyldighet f\u00f6r obligationerna har intr\u00e4tt den 28 maj 2025 alternativt den 20 januari 2026. <\/p>\n<p class=\"css-176tai e1hyot0s2\">&#8221;Enligt bolagets r\u00e4ttsliga r\u00e5dgivare \u00e4r Agentas talan inte duglig f\u00f6r pr\u00f6vning i domstol och bed\u00f6ms hursomhelst komma sakna r\u00e4ttslig betydelse f\u00f6r utfallet av p\u00e5g\u00e5ende skriftligt f\u00f6rfarande. Om st\u00e4mning utf\u00e4rdas kommer bolaget att yrka att Agentas talan ska avvisas eller ogillas&#8221;, heter det.<\/p>\n<p class=\"css-176tai e1hyot0s2\"><strong>L\u00e4s mer:<\/strong> <a href=\"https:\/\/www.fastighetsnytt.se\/segment\/samhallsfastigheter\/ilija-batljan-jag-ar-fel-person-for-att-halla-en-lagom-takt\/\" rel=\"nofollow noopener\" target=\"_blank\">Ilija Batljan: \u201dJag \u00e4r fel person f\u00f6r att h\u00e5lla en lagom takt\u201d<\/a><\/p>\n","protected":false},"excerpt":{"rendered":"Det framg\u00e5r av ett pressmeddelande. L\u00e4s mer: Obligationsbr\u00e5ket i IB Invest: \u201dFullkomlig katastrof f\u00f6r marknaden\u201d Bakgrund \u00e4r att&hellip;\n","protected":false},"author":2,"featured_media":136346,"comment_status":"","ping_status":"","sticky":false,"template":"","format":"standard","meta":{"footnotes":""},"categories":[65],"tags":[72,70,71,34,31,33,32,30],"class_list":{"0":"post-136345","1":"post","2":"type-post","3":"status-publish","4":"format-standard","5":"has-post-thumbnail","7":"category-ekonomi","8":"tag-business","9":"tag-economy","10":"tag-ekonomi","11":"tag-se","12":"tag-svenska","13":"tag-sverige","14":"tag-sweden","15":"tag-swedish"},"share_on_mastodon":{"url":"https:\/\/pubeurope.com\/@se\/115895992454329795","error":""},"_links":{"self":[{"href":"https:\/\/www.europesays.com\/se\/wp-json\/wp\/v2\/posts\/136345","targetHints":{"allow":["GET"]}}],"collection":[{"href":"https:\/\/www.europesays.com\/se\/wp-json\/wp\/v2\/posts"}],"about":[{"href":"https:\/\/www.europesays.com\/se\/wp-json\/wp\/v2\/types\/post"}],"author":[{"embeddable":true,"href":"https:\/\/www.europesays.com\/se\/wp-json\/wp\/v2\/users\/2"}],"replies":[{"embeddable":true,"href":"https:\/\/www.europesays.com\/se\/wp-json\/wp\/v2\/comments?post=136345"}],"version-history":[{"count":0,"href":"https:\/\/www.europesays.com\/se\/wp-json\/wp\/v2\/posts\/136345\/revisions"}],"wp:featuredmedia":[{"embeddable":true,"href":"https:\/\/www.europesays.com\/se\/wp-json\/wp\/v2\/media\/136346"}],"wp:attachment":[{"href":"https:\/\/www.europesays.com\/se\/wp-json\/wp\/v2\/media?parent=136345"}],"wp:term":[{"taxonomy":"category","embeddable":true,"href":"https:\/\/www.europesays.com\/se\/wp-json\/wp\/v2\/categories?post=136345"},{"taxonomy":"post_tag","embeddable":true,"href":"https:\/\/www.europesays.com\/se\/wp-json\/wp\/v2\/tags?post=136345"}],"curies":[{"name":"wp","href":"https:\/\/api.w.org\/{rel}","templated":true}]}}