{"id":136370,"date":"2026-01-14T23:45:48","date_gmt":"2026-01-14T23:45:48","guid":{"rendered":"https:\/\/www.europesays.com\/se\/136370\/"},"modified":"2026-01-14T23:45:48","modified_gmt":"2026-01-14T23:45:48","slug":"thedeen-stottar-powell-mot-trump","status":"publish","type":"post","link":"https:\/\/www.europesays.com\/se\/136370\/","title":{"rendered":"Thed\u00e9en st\u00f6ttar Powell mot Trump"},"content":{"rendered":"<p>&#8221;Vi st\u00e5r i solidaritet med Federal Reserve System och dess chef Jerome H Powell&#8221;, inleds uttalandet som \u00e4ven har skrivit p\u00e5 av bland annat ECB-chefen Christine Lagarde, Englands centralbankschef Andrew Bailey och den kanadensiska centralbankschefen Tiff Macklem.<\/p>\n<p>&#8221;Powell har tj\u00e4nstgjort med integritet, haft fokus p\u00e5 sitt uppdrag och visat ett orubbligt engagemang f\u00f6r allm\u00e4nintresset. F\u00f6r oss \u00e4r han en respekterad kollega som h\u00e5lls mycket h\u00f6gt av alla som har arbetat med honom&#8221;, st\u00e5r det i uttalandet. <\/p>\n","protected":false},"excerpt":{"rendered":"&#8221;Vi st\u00e5r i solidaritet med Federal Reserve System och dess chef Jerome H Powell&#8221;, inleds uttalandet som \u00e4ven&hellip;\n","protected":false},"author":2,"featured_media":136371,"comment_status":"","ping_status":"","sticky":false,"template":"","format":"standard","meta":{"footnotes":""},"categories":[65],"tags":[72,70,71,34,31,33,32,30],"class_list":{"0":"post-136370","1":"post","2":"type-post","3":"status-publish","4":"format-standard","5":"has-post-thumbnail","7":"category-ekonomi","8":"tag-business","9":"tag-economy","10":"tag-ekonomi","11":"tag-se","12":"tag-svenska","13":"tag-sverige","14":"tag-sweden","15":"tag-swedish"},"share_on_mastodon":{"url":"https:\/\/pubeurope.com\/@se\/115896122229335041","error":""},"_links":{"self":[{"href":"https:\/\/www.europesays.com\/se\/wp-json\/wp\/v2\/posts\/136370","targetHints":{"allow":["GET"]}}],"collection":[{"href":"https:\/\/www.europesays.com\/se\/wp-json\/wp\/v2\/posts"}],"about":[{"href":"https:\/\/www.europesays.com\/se\/wp-json\/wp\/v2\/types\/post"}],"author":[{"embeddable":true,"href":"https:\/\/www.europesays.com\/se\/wp-json\/wp\/v2\/users\/2"}],"replies":[{"embeddable":true,"href":"https:\/\/www.europesays.com\/se\/wp-json\/wp\/v2\/comments?post=136370"}],"version-history":[{"count":0,"href":"https:\/\/www.europesays.com\/se\/wp-json\/wp\/v2\/posts\/136370\/revisions"}],"wp:featuredmedia":[{"embeddable":true,"href":"https:\/\/www.europesays.com\/se\/wp-json\/wp\/v2\/media\/136371"}],"wp:attachment":[{"href":"https:\/\/www.europesays.com\/se\/wp-json\/wp\/v2\/media?parent=136370"}],"wp:term":[{"taxonomy":"category","embeddable":true,"href":"https:\/\/www.europesays.com\/se\/wp-json\/wp\/v2\/categories?post=136370"},{"taxonomy":"post_tag","embeddable":true,"href":"https:\/\/www.europesays.com\/se\/wp-json\/wp\/v2\/tags?post=136370"}],"curies":[{"name":"wp","href":"https:\/\/api.w.org\/{rel}","templated":true}]}}