{"id":136399,"date":"2026-01-15T00:25:19","date_gmt":"2026-01-15T00:25:19","guid":{"rendered":"https:\/\/www.europesays.com\/se\/136399\/"},"modified":"2026-01-15T00:25:19","modified_gmt":"2026-01-15T00:25:19","slug":"mjornberg-imponerande-13-raka-utan-att-imponera","status":"publish","type":"post","link":"https:\/\/www.europesays.com\/se\/136399\/","title":{"rendered":"MJ\u00d6RNBERG: Imponerande 13 raka utan att imponera"},"content":{"rendered":"<p><strong>N\u00e4r Tingsryd vann en ganska sl\u00e4tstruken historia i Bor\u00e5s med 2-1 innebar det 13e raka segern och laget har smugit under radarn hela v\u00e4gen till en position d\u00e4r serieseger inte \u00e4r orimligt. Imponerande utan att imponera p\u00e5 sitt s\u00e4tt. Men det finns \u00e4nd\u00e5 m\u00f6nster som m\u00e5ste brytas om s\u00e4songen ska bli l\u00e5ng.<\/strong><\/p>\n<p>Tingsryd radade upp sin 13e raka seger, gjorde d\u00e4rmed ett rej\u00e4lt ryck i tabellen gentemot kv\u00e4llens motst\u00e5ndare Bor\u00e5s och har faktiskt smugit s\u00e5 smidigt under radarn att det inte \u00e4r orimligt att b\u00f6rja prata om m\u00f6jligheten till serieseger. Det \u00e4r ett urstarkt facit av sm\u00e5l\u00e4nningarna som g\u00e5ng p\u00e5 g\u00e5ng hittar v\u00e4gar till segrar i de j\u00e4mna matcherna.<\/p>\n<p>Men rent krasst har det ju s\u00e4llan sett s\u00e4rskilt \u00f6vertygande ut. Det kan l\u00e5ta paradoxalt, men Tingsryd har seglat upp som ett solklart topplag i den s\u00f6dra serien utan att vara mycket att se \u00f6ver huvud taget. Det g\u00f6r att det blir mycket att fundera p\u00e5 f\u00f6r oss som st\u00e5r vid sidan av och f\u00f6rs\u00f6ker f\u00e5 ett grepp om ex-allsvenskarna.<\/p>\n<p>P\u00e5 papperet kan v\u00e4rvningen av <a href=\"https:\/\/www.eliteprospects.com\/player\/494782\/tim-dackell\" rel=\"nofollow noopener\" target=\"_blank\">Tim Dackell<\/a> vara sv\u00e5r att riktigt f\u00f6rst\u00e5 sig p\u00e5. Om man nu t\u00e4nker sig att f\u00f6rs\u00f6ka g\u00f6ra en push och g\u00e5 l\u00e5ngt i ett slutspel, vilket ju borde vara hela premissen f\u00f6r att \u00f6ver huvud taget v\u00e4rva, annars kan man l\u00e5ta bli. Varf\u00f6r d\u00e5 plocka in en tekniker som s\u00e5 sent som ifjol fick spela division 2 och vars absolut st\u00f6rsta brister finns i egen zon? Den position p\u00e5 banan d\u00e4r man m\u00e5ste vara som mest noggrann i ett slutspel.<\/p>\n<p>Men efter att ha klurat p\u00e5 det en sv\u00e4ng och bevittnat trollgubbens Tingsryd-debut mot Bor\u00e5s \u00e4r det kanske inte s\u00e5 dumt \u00e4nd\u00e5.<\/p>\n","protected":false},"excerpt":{"rendered":"N\u00e4r Tingsryd vann en ganska sl\u00e4tstruken historia i Bor\u00e5s med 2-1 innebar det 13e raka segern och laget&hellip;\n","protected":false},"author":2,"featured_media":136400,"comment_status":"","ping_status":"","sticky":false,"template":"","format":"standard","meta":{"footnotes":""},"categories":[68],"tags":[1400,34,111,110,31,33,32,30],"class_list":{"0":"post-136399","1":"post","2":"type-post","3":"status-publish","4":"format-standard","5":"has-post-thumbnail","7":"category-sport","8":"tag-hockeyettan","9":"tag-se","10":"tag-sport","11":"tag-sports","12":"tag-svenska","13":"tag-sverige","14":"tag-sweden","15":"tag-swedish"},"share_on_mastodon":{"url":"https:\/\/pubeurope.com\/@se\/115896275570271581","error":""},"_links":{"self":[{"href":"https:\/\/www.europesays.com\/se\/wp-json\/wp\/v2\/posts\/136399","targetHints":{"allow":["GET"]}}],"collection":[{"href":"https:\/\/www.europesays.com\/se\/wp-json\/wp\/v2\/posts"}],"about":[{"href":"https:\/\/www.europesays.com\/se\/wp-json\/wp\/v2\/types\/post"}],"author":[{"embeddable":true,"href":"https:\/\/www.europesays.com\/se\/wp-json\/wp\/v2\/users\/2"}],"replies":[{"embeddable":true,"href":"https:\/\/www.europesays.com\/se\/wp-json\/wp\/v2\/comments?post=136399"}],"version-history":[{"count":0,"href":"https:\/\/www.europesays.com\/se\/wp-json\/wp\/v2\/posts\/136399\/revisions"}],"wp:featuredmedia":[{"embeddable":true,"href":"https:\/\/www.europesays.com\/se\/wp-json\/wp\/v2\/media\/136400"}],"wp:attachment":[{"href":"https:\/\/www.europesays.com\/se\/wp-json\/wp\/v2\/media?parent=136399"}],"wp:term":[{"taxonomy":"category","embeddable":true,"href":"https:\/\/www.europesays.com\/se\/wp-json\/wp\/v2\/categories?post=136399"},{"taxonomy":"post_tag","embeddable":true,"href":"https:\/\/www.europesays.com\/se\/wp-json\/wp\/v2\/tags?post=136399"}],"curies":[{"name":"wp","href":"https:\/\/api.w.org\/{rel}","templated":true}]}}