{"id":136415,"date":"2026-01-15T00:57:53","date_gmt":"2026-01-15T00:57:53","guid":{"rendered":"https:\/\/www.europesays.com\/se\/136415\/"},"modified":"2026-01-15T00:57:53","modified_gmt":"2026-01-15T00:57:53","slug":"sa-ska-civilbefolkningen-skyddas-i-handelse-av-krig-nya-ludvika-tidning","status":"publish","type":"post","link":"https:\/\/www.europesays.com\/se\/136415\/","title":{"rendered":"S\u00e5 ska civilbefolkningen skyddas i h\u00e4ndelse av krig &#8211; Nya Ludvika Tidning"},"content":{"rendered":"<ol>\n<li><a href=\"https:\/\/news.google.com\/rss\/articles\/CBMi0gFBVV95cUxNREotUlJuRkRNb1BudFZLY1hBZEo3dU0wSVk3STYxeWhQY1RPeGZoZUp2YUotQkljaUlubXJCNFo5RVlpYkY5WmRZV3FvNkkzQm1kQlFBZzlubldJaXV4Z2dSbjFiZVZOOUVqcHZxSzNJckpUSUhSQjBEQlVLN2RxamZSQmhHYVEyQU53MDhVQ3M4eDViRlJwRzZzXzlxYWY2MVdNamhtVG04MWRtdFB5eXFFRDNNM09IeE1hekFJMWo0VHFXZGJ4aE9halc1dTA3clE?oc=5\" target=\"_blank\" rel=\"nofollow noopener\">S\u00e5 ska civilbefolkningen skyddas i h\u00e4ndelse av krig<\/a>&nbsp;&nbsp;Nya Ludvika Tidning<\/li>\n<li><a href=\"https:\/\/news.google.com\/rss\/articles\/CBMirAFBVV95cUxNSE5kSGhCckc4MG5oRkRmeWF4MmhsSV9ZOWJfdTRhVlBYZGtzX2NqaXZuSW1kMGV3cWFtemNVb3R0QWUyRzNOcDBCRHU3bndEaWtoNG9PWXBPaVA0eENaaGZmcXpfUzNJY0c3SHJkODZ1VFVhTElRekhfTVU0Q0hVM1pXekFvaXFqeG52WXB3Y0RpS1VyTEcwYVFpTzVhV2xPZjZSNUlFQ3ZNdEk3?oc=5\" target=\"_blank\" rel=\"nofollow noopener\">Regeringens satsning: Stockholmare ska s\u00f6ka skydd p\u00e5 nya platser i framtiden<\/a>&nbsp;&nbsp;SVT Nyheter<\/li>\n<li><a href=\"https:\/\/news.google.com\/rss\/articles\/CBMif0FVX3lxTE5GMnZ3VHFEZ0xHRlZyZ29TZFl0Wmg1NTFyc0VXMWFQTUlsYVRXRE4zVWpSbzRka092bjdvWW05Q0ZrdlNJNlZoVWpXM2JzeC1lRHlSYXZ4cXFmZklBUnRBSnpETWdDRzNTbzM5V182UVduMW0zLW41UlVmeXktMlk?oc=5\" target=\"_blank\" rel=\"nofollow noopener\">Tunnlar och k\u00e4llare kan bli skyddsrum vid krig<\/a>&nbsp;&nbsp;SvD<\/li>\n<li><a href=\"https:\/\/news.google.com\/rss\/articles\/CBMisgFBVV95cUxPTXBKdXBnUlktOU9WSEF1emc0M0UxSEEwQ1F2NTNrMVRzRGNKYTBmeUZXb2hUaUtqVEFlNGxLTFhlY0pIMXl3c0RGQkMweGZYNXJhNG5vYmlTSmJaTXlzeXBaU1h6ZjYzNDZkUUFoTDJHbUNKRy14OG5TZW9oYmFSaFcxbDJtUFRGSFczNVZMZzV6R0lJaEtZMmgzUHVrclhkOW5qOS1xb0dYN1pIekpJQmFn?oc=5\" target=\"_blank\" rel=\"nofollow noopener\">Ny lagstiftning om skyddsrum: Starkare skydd f\u00f6r Sveriges befolkning<\/a>&nbsp;&nbsp;svenskbyggtidning &#8211;<\/li>\n<li><a href=\"https:\/\/news.google.com\/rss\/articles\/CBMijAFBVV95cUxQUlp4STZGTWRnVFZjblR1WlBLa2d6cm42QTNHT2JzY25XTGNZaXVUWG9jUVp6YWxNTk5KVmtublRGVl9qVGFHanljY24zM0VjNGc5R2RBN0lQTU9wTEdMcVdvckM4dElJdC1yUFZXVHRaaWwyaHZfTjM3anYxS3RSb3BveTFnSE5sRm1nVQ?oc=5\" target=\"_blank\" rel=\"nofollow noopener\">Om skyddsrum saknas: S\u00e5 kan du skapa egen krisplan<\/a>&nbsp;&nbsp;Hejaolika.se<\/li>\n<\/ol>\n","protected":false},"excerpt":{"rendered":"S\u00e5 ska civilbefolkningen skyddas i h\u00e4ndelse av krig&nbsp;&nbsp;Nya Ludvika Tidning Regeringens satsning: Stockholmare ska s\u00f6ka skydd p\u00e5 nya&hellip;\n","protected":false},"author":2,"featured_media":136416,"comment_status":"","ping_status":"","sticky":false,"template":"","format":"standard","meta":{"footnotes":""},"categories":[12],"tags":[22,23,26,27,17,21,24,25,28,29,15,16,18,34,31,33,32,30,19,20],"class_list":{"0":"post-136415","1":"post","2":"type-post","3":"status-publish","4":"format-standard","5":"has-post-thumbnail","7":"category-sverige","8":"tag-breaking-news","9":"tag-breakingnews","10":"tag-featured-news","11":"tag-featurednews","12":"tag-headlines","13":"tag-huvudnyheter","14":"tag-latest-news","15":"tag-latestnews","16":"tag-main-news","17":"tag-mainnews","18":"tag-news","19":"tag-nyheter","20":"tag-rubriker","21":"tag-se","22":"tag-svenska","23":"tag-sverige","24":"tag-sweden","25":"tag-swedish","26":"tag-top-stories","27":"tag-topstories"},"share_on_mastodon":{"url":"https:\/\/pubeurope.com\/@se\/115896405290859837","error":""},"_links":{"self":[{"href":"https:\/\/www.europesays.com\/se\/wp-json\/wp\/v2\/posts\/136415","targetHints":{"allow":["GET"]}}],"collection":[{"href":"https:\/\/www.europesays.com\/se\/wp-json\/wp\/v2\/posts"}],"about":[{"href":"https:\/\/www.europesays.com\/se\/wp-json\/wp\/v2\/types\/post"}],"author":[{"embeddable":true,"href":"https:\/\/www.europesays.com\/se\/wp-json\/wp\/v2\/users\/2"}],"replies":[{"embeddable":true,"href":"https:\/\/www.europesays.com\/se\/wp-json\/wp\/v2\/comments?post=136415"}],"version-history":[{"count":0,"href":"https:\/\/www.europesays.com\/se\/wp-json\/wp\/v2\/posts\/136415\/revisions"}],"wp:featuredmedia":[{"embeddable":true,"href":"https:\/\/www.europesays.com\/se\/wp-json\/wp\/v2\/media\/136416"}],"wp:attachment":[{"href":"https:\/\/www.europesays.com\/se\/wp-json\/wp\/v2\/media?parent=136415"}],"wp:term":[{"taxonomy":"category","embeddable":true,"href":"https:\/\/www.europesays.com\/se\/wp-json\/wp\/v2\/categories?post=136415"},{"taxonomy":"post_tag","embeddable":true,"href":"https:\/\/www.europesays.com\/se\/wp-json\/wp\/v2\/tags?post=136415"}],"curies":[{"name":"wp","href":"https:\/\/api.w.org\/{rel}","templated":true}]}}