{"id":136417,"date":"2026-01-15T01:00:19","date_gmt":"2026-01-15T01:00:19","guid":{"rendered":"https:\/\/www.europesays.com\/se\/136417\/"},"modified":"2026-01-15T01:00:19","modified_gmt":"2026-01-15T01:00:19","slug":"lenni-killinen-forlanger-med-if-bjorkloven","status":"publish","type":"post","link":"https:\/\/www.europesays.com\/se\/136417\/","title":{"rendered":"Lenni Killinen f\u00f6rl\u00e4nger med IF Bj\u00f6rkl\u00f6ven"},"content":{"rendered":"<p><strong><a href=\"https:\/\/hockeysverige.se\/klubb\/if-bjorkloven\" rel=\"nofollow noopener\" target=\"_blank\">Bj\u00f6rkl\u00f6ven<\/a> f\u00f6rl\u00e4nger med ytterligare en spelare. <br \/>Senast att skriva p\u00e5 \u00e4r finske forwarden Lenni Killinen, 25. <br \/>\u2013 Jag \u00e4r mycket glad \u00f6ver att han stannar hos oss, s\u00e4ger sportchef Per Kentt\u00e4.<\/strong><\/p>\n<p><img loading=\"lazy\" decoding=\"async\" width=\"1024\" height=\"658\" src=\"https:\/\/www.europesays.com\/se\/wp-content\/uploads\/2026\/01\/Lenni-Killinen-1024x658.webp.webp\" alt=\"Lenni Killinen.\" class=\"wp-image-345534\"  \/>Lenni Killinen stannar i Bj\u00f6rkl\u00f6ven \u00e4ven n\u00e4sta s\u00e4song. <strong>Foto:<\/strong> Johan L\u00f6f\/Bildbyr\u00e5n<\/p>\n<p>Den senaste m\u00e5naden har Bj\u00f6rkl\u00f6ven f\u00f6rl\u00e4ngt kontrakten med Gustav Possler, Anton Malmstr\u00f6m samt Oscar Tellstr\u00f6m. <\/p>\n<p>Nu s\u00e4krar \u201dL\u00f6ven\u201d ocks\u00e5 upp ytterligare en spelare inf\u00f6r n\u00e4sta s\u00e4song. Inf\u00f6r onsdagskv\u00e4llens toppm\u00f6te mot Kalmar <a href=\"https:\/\/www.bjorkloven.com\/article\/7zoat8v-2e4ad\/view\" rel=\"nofollow noopener\" target=\"_blank\">meddelar de allsvenska serieledarna<\/a> att Lenni Killinen blir kvar i klubben. Finl\u00e4ndaren f\u00f6rl\u00e4nger sitt kontrakt med Bj\u00f6rkl\u00f6ven \u00f6ver s\u00e4songen 2026\/27. <\/p>\n<p>\u2013 Lenni har verkligen visat vilken vinnarskalle han \u00e4r. Han ger sig aldrig i duellerna och k\u00e4mpar f\u00f6r varje centimeter, vilket har gjort honom mycket uppskattad av v\u00e5ra supportrar. D\u00e4rf\u00f6r var det sj\u00e4lvklart f\u00f6r oss att arbeta f\u00f6r en forts\u00e4ttning tillsammans med Lenni, och jag \u00e4r mycket glad \u00f6ver att han stannar hos oss, s\u00e4ger sportchef Per Kentt\u00e4.<\/p>\n<p>Lenni Killinen kom till Bj\u00f6rkl\u00f6ven sent under s\u00e4songen 2023\/24 och blev sedan kvar \u00f6ver fjol\u00e5ret. I fjol stod Killinen f\u00f6r 18 po\u00e4ng p\u00e5 29 matcher i <a href=\"https:\/\/hockeysverige.se\/hockeyallsvenskan\" rel=\"nofollow noopener\" target=\"_blank\">HockeyAllsvenskan<\/a> och v\u00e4xte ut till en publikfavorit med sitt fysiska och tuffa spel som gjort honom till en v\u00e4rdefull breddspelare i \u201dL\u00f6ven\u201d. Den h\u00e4r s\u00e4songen har han noterats f\u00f6r nio po\u00e4ng p\u00e5 29 matcher. <\/p>\n<p> Source: <a href=\"https:\/\/www.eliteprospects.com\/player\/332303\/lenni-killinen\" target=\"_blank\" rel=\"noopener noreferrer nofollow\">Lenni Killinen<\/a> @ Elite Prospects<\/p>\n","protected":false},"excerpt":{"rendered":"Bj\u00f6rkl\u00f6ven f\u00f6rl\u00e4nger med ytterligare en spelare. Senast att skriva p\u00e5 \u00e4r finske forwarden Lenni Killinen, 25. \u2013 Jag&hellip;\n","protected":false},"author":2,"featured_media":136418,"comment_status":"","ping_status":"","sticky":false,"template":"","format":"standard","meta":{"footnotes":""},"categories":[68],"tags":[621,34,133,111,110,31,33,32,30],"class_list":{"0":"post-136417","1":"post","2":"type-post","3":"status-publish","4":"format-standard","5":"has-post-thumbnail","7":"category-sport","8":"tag-hockeyallsvenskan","9":"tag-se","10":"tag-second-news","11":"tag-sport","12":"tag-sports","13":"tag-svenska","14":"tag-sverige","15":"tag-sweden","16":"tag-swedish"},"share_on_mastodon":{"url":"https:\/\/pubeurope.com\/@se\/115896413320623466","error":""},"_links":{"self":[{"href":"https:\/\/www.europesays.com\/se\/wp-json\/wp\/v2\/posts\/136417","targetHints":{"allow":["GET"]}}],"collection":[{"href":"https:\/\/www.europesays.com\/se\/wp-json\/wp\/v2\/posts"}],"about":[{"href":"https:\/\/www.europesays.com\/se\/wp-json\/wp\/v2\/types\/post"}],"author":[{"embeddable":true,"href":"https:\/\/www.europesays.com\/se\/wp-json\/wp\/v2\/users\/2"}],"replies":[{"embeddable":true,"href":"https:\/\/www.europesays.com\/se\/wp-json\/wp\/v2\/comments?post=136417"}],"version-history":[{"count":0,"href":"https:\/\/www.europesays.com\/se\/wp-json\/wp\/v2\/posts\/136417\/revisions"}],"wp:featuredmedia":[{"embeddable":true,"href":"https:\/\/www.europesays.com\/se\/wp-json\/wp\/v2\/media\/136418"}],"wp:attachment":[{"href":"https:\/\/www.europesays.com\/se\/wp-json\/wp\/v2\/media?parent=136417"}],"wp:term":[{"taxonomy":"category","embeddable":true,"href":"https:\/\/www.europesays.com\/se\/wp-json\/wp\/v2\/categories?post=136417"},{"taxonomy":"post_tag","embeddable":true,"href":"https:\/\/www.europesays.com\/se\/wp-json\/wp\/v2\/tags?post=136417"}],"curies":[{"name":"wp","href":"https:\/\/api.w.org\/{rel}","templated":true}]}}