{"id":136461,"date":"2026-01-15T02:29:09","date_gmt":"2026-01-15T02:29:09","guid":{"rendered":"https:\/\/www.europesays.com\/se\/136461\/"},"modified":"2026-01-15T02:29:09","modified_gmt":"2026-01-15T02:29:09","slug":"en-typisk-malvakternas-match-allehanda-se","status":"publish","type":"post","link":"https:\/\/www.europesays.com\/se\/136461\/","title":{"rendered":"En typisk \u201dm\u00e5lvakternas match\u201d &#8211; Allehanda.se"},"content":{"rendered":"<ol>\n<li><a href=\"https:\/\/news.google.com\/rss\/articles\/CBMib0FVX3lxTFB2QTRnVmZOaFdzdThiSE50N05uYjdzN21OWURLNTB0RDYzR0RPRE5PWXFUTkJZcjd5a2pzQkkyWm9LLUR5ZDJHQW90V1ZoX25vYndxRDliS2t4S0RXczdHNFdyX2k1ZEJsckVUcWh1NA?oc=5\" target=\"_blank\" rel=\"nofollow noopener\">En typisk \u201dm\u00e5lvakternas match\u201d<\/a>&nbsp;&nbsp;Allehanda.se<\/li>\n<li><a href=\"https:\/\/news.google.com\/rss\/articles\/CBMilwFBVV95cUxQVm9sdGNENHlQTHZFQzkzT3hWbTM3V0txZV9XQVBWUzFlVW9qMGVDTTJnTm53THhVVzdfV2UxeWhfYWl2UnRMeW94NlAxaXEyTVl6VUhxN0g1bUFCeVdqNzhrVmVQdzlnMmJVYkJSMDVrX1k1U1YtVGxRTEJNazc1NHZGRFBxMjJPSmJqelhMWHdUWnBBOXI4?oc=5\" target=\"_blank\" rel=\"nofollow noopener\">AIK nollat \u2013 efter dr\u00e5pliga missen<\/a>&nbsp;&nbsp;Aftonbladet<\/li>\n<li><a href=\"https:\/\/news.google.com\/rss\/articles\/CBMihAFBVV95cUxNU0YzclNrc0c2bEh2OUpyM1lNYW5RajlyNW1jX185Q1dWdUpUb0k0VkVMOHJHTWRmbWlWMExrUm9TRkNtdHBReVBJcndQbXlaNXRGSXlSMVZrOXZRU29ULXlKTEdYRDJKRGg0UTJJcTFKNVd2cTY0WGtoRUxobWR3QTFNbFI?oc=5\" target=\"_blank\" rel=\"nofollow noopener\">Modo Hockeys starka svit mot AIK forts\u00e4tter<\/a>&nbsp;&nbsp;V\u00e4sterbottens-Kuriren<\/li>\n<li><a href=\"https:\/\/news.google.com\/rss\/articles\/CBMilwFBVV95cUxOYXZXeGhlR0hxekdZZDdjQlZ0dmFZaC1QZkpkWTFzN3BmWTZ4MWNHbVZQY3hOaV9aMVNWazNPUG42bmtGd01wVUpEckJnY0hvcTgwV0F3U1ozMzJ6aWlMR0pjb3gzRy1JWjJqYThuZ0lIZ05GQTdxSk5LQTJubGgxUVQ0MWxMcUd6bGllNk5HRWZ4SUktVGc4?oc=5\" target=\"_blank\" rel=\"nofollow noopener\">Ny seger f\u00f6r Modo Hockey mot dr\u00f6mmotst\u00e5ndet<\/a>&nbsp;&nbsp;Tidningen \u00c5ngermanland<\/li>\n<li><a href=\"https:\/\/news.google.com\/rss\/articles\/CBMiekFVX3lxTE9qOVFWTmpwa1lOMHdJTXhIdGFGQ2hJemR4djkxbTdRcHNXM3pVeTJFYVVVTENXZjFpQzljZThnUFJDbV9IUF9ibHJUTVhBRi1Kd1hFaTc5eWRJRDBpNFl4MDJ1YllTd1JCelZBY25sU01pOVZqajNRUktn?oc=5\" target=\"_blank\" rel=\"nofollow noopener\">Modo slog AIK \u2013 som bytte m\u00e5lvakt: \u201dMagsjuka\u201d<\/a>&nbsp;&nbsp;HockeyNews<\/li>\n<\/ol>\n","protected":false},"excerpt":{"rendered":"En typisk \u201dm\u00e5lvakternas match\u201d&nbsp;&nbsp;Allehanda.se AIK nollat \u2013 efter dr\u00e5pliga missen&nbsp;&nbsp;Aftonbladet Modo Hockeys starka svit mot AIK forts\u00e4tter&nbsp;&nbsp;V\u00e4sterbottens-Kuriren Ny&hellip;\n","protected":false},"author":2,"featured_media":136462,"comment_status":"","ping_status":"","sticky":false,"template":"","format":"standard","meta":{"footnotes":""},"categories":[68],"tags":[34,111,110,31,33,32,30],"class_list":{"0":"post-136461","1":"post","2":"type-post","3":"status-publish","4":"format-standard","5":"has-post-thumbnail","7":"category-sport","8":"tag-se","9":"tag-sport","10":"tag-sports","11":"tag-svenska","12":"tag-sverige","13":"tag-sweden","14":"tag-swedish"},"share_on_mastodon":{"url":"https:\/\/pubeurope.com\/@se\/115896763169316317","error":""},"_links":{"self":[{"href":"https:\/\/www.europesays.com\/se\/wp-json\/wp\/v2\/posts\/136461","targetHints":{"allow":["GET"]}}],"collection":[{"href":"https:\/\/www.europesays.com\/se\/wp-json\/wp\/v2\/posts"}],"about":[{"href":"https:\/\/www.europesays.com\/se\/wp-json\/wp\/v2\/types\/post"}],"author":[{"embeddable":true,"href":"https:\/\/www.europesays.com\/se\/wp-json\/wp\/v2\/users\/2"}],"replies":[{"embeddable":true,"href":"https:\/\/www.europesays.com\/se\/wp-json\/wp\/v2\/comments?post=136461"}],"version-history":[{"count":0,"href":"https:\/\/www.europesays.com\/se\/wp-json\/wp\/v2\/posts\/136461\/revisions"}],"wp:featuredmedia":[{"embeddable":true,"href":"https:\/\/www.europesays.com\/se\/wp-json\/wp\/v2\/media\/136462"}],"wp:attachment":[{"href":"https:\/\/www.europesays.com\/se\/wp-json\/wp\/v2\/media?parent=136461"}],"wp:term":[{"taxonomy":"category","embeddable":true,"href":"https:\/\/www.europesays.com\/se\/wp-json\/wp\/v2\/categories?post=136461"},{"taxonomy":"post_tag","embeddable":true,"href":"https:\/\/www.europesays.com\/se\/wp-json\/wp\/v2\/tags?post=136461"}],"curies":[{"name":"wp","href":"https:\/\/api.w.org\/{rel}","templated":true}]}}