{"id":136470,"date":"2026-01-15T03:21:07","date_gmt":"2026-01-15T03:21:07","guid":{"rendered":"https:\/\/www.europesays.com\/se\/136470\/"},"modified":"2026-01-15T03:21:07","modified_gmt":"2026-01-15T03:21:07","slug":"klimatrorelsen-fortjanar-visioner-darfor-lamnar-jag-mp","status":"publish","type":"post","link":"https:\/\/www.europesays.com\/se\/136470\/","title":{"rendered":"Klimatr\u00f6relsen f\u00f6rtj\u00e4nar visioner \u2013 d\u00e4rf\u00f6r l\u00e4mnar jag MP"},"content":{"rendered":"<p>Sedan Milj\u00f6partiet klev in i regeringskansliet 2014 har n\u00e5got v\u00e4sentligt g\u00e5tt f\u00f6rlorat. Det som en g\u00e5ng var en radikal r\u00f6st f\u00f6r systemf\u00f6r\u00e4ndring har slipats ner till oigenk\u00e4nnlighet av kohandel och pragmatism. Vi ser det tydligt: flera av de mest vision\u00e4ra och radikala politikerna har l\u00e4mnat partiet.\u00a0<\/p>\n<p>Kompromisser \u00e4r en oundviklig del av politiken, men det g\u00e5r att f\u00f6rhandla utan att s\u00e4lja ut sin sj\u00e4l. F\u00f6r om man slutar vara obekv\u00e4m och st\u00e5 upp f\u00f6r det n\u00f6dv\u00e4ndiga, f\u00f6rvandlas man till ett parti som administrerar en katastrof snarare \u00e4n att f\u00f6rhindra den.<\/p>\n<p><b>Det tydligaste exemplet p\u00e5 MP:s<\/b> \u00e4ngslighet \u00e4r den senaste tidens debatt om ekonomisk tillv\u00e4xt. Trots att forskningsrapport efter forskningsrapport bekr\u00e4ftar att evig tillv\u00e4xt p\u00e5 en \u00e4ndlig planet \u00e4r en om\u00f6jlighet, och att 1,5-gradersm\u00e5let kr\u00e4ver en drastisk nedv\u00e4xling av resursf\u00f6rbrukningen, st\u00e5r MP:s ledning tyst. Man v\u00e5gar inte n\u00e4mna ordet \u201dnerv\u00e4xt\u201d.<\/p>\n<blockquote><p>Det tragiska \u00e4r att partiledningen underskattar v\u00e4ljarna.<\/p><\/blockquote>\n<p>Varf\u00f6r? F\u00f6r att MP \u00e4r livr\u00e4dda f\u00f6r att f\u00f6rlora Magdalena Anderssons (S) st\u00e4mpel om regeringsdugliga. Men sanningen \u00e4r att vetenskapen visar att v\u00e4gen till 1,5-gradersm\u00e5let \u00e4r radikal. Att ignorera fysikens lagar f\u00f6r att blidka Centerpartiet och Socialdemokraterna \u00e4r inte &#8221;regeringsdugligt&#8221;, det \u00e4r djupt ansvarsl\u00f6st.<\/p>\n<p>Det tragiska \u00e4r att partiledningen underskattar v\u00e4ljarna. Det finns ett brett st\u00f6d hos allm\u00e4nheten f\u00f6r en politik som s\u00e4tter livskvalitet, tid och milj\u00f6 f\u00f6re materiell konsumtion. M\u00e4nniskor ser skogsbr\u00e4nderna, \u00f6versv\u00e4mningarna och artd\u00f6den.\u00a0<\/p>\n<p>De \u00e4r redo f\u00f6r sanningen, men MP v\u00e5gar inte leverera den.<\/p>\n<p><b>I Storbritannien har vi sett Green Party <\/b>p\u00e5b\u00f6rja en n\u00f6dv\u00e4ndig resa. Partiet v\u00e5gar nu kombinera klimatkampen med en tydlig systemkritik och fr\u00e5gor om social r\u00e4ttvisa. De har insett att man inte kan m\u00e5la kapitalismen gr\u00f6n; man m\u00e5ste f\u00f6r\u00e4ndra systemet i grunden. Resultatet? Under h\u00f6sten har medlemsantalet mer \u00e4n f\u00f6rdubblats och v\u00e4ljarst\u00f6det rusat till 15-18 procent.<\/p>\n<p>Fr\u00e5gan \u00e4r om en s\u00e5dan metamorfos \u00e4r m\u00f6jlig i det svenska MP. Tyv\u00e4rr talar lite f\u00f6r det d\u00e5 den inbyggda tr\u00f6gheten i partiet och makthungern i toppen blockerar vision\u00e4ra personer och id\u00e9er. MP har blivit en del av det etablissemang de en g\u00e5ng bildades f\u00f6r att utmana.<\/p>\n<blockquote><p>Jag tror att min gl\u00f6d g\u00f6r st\u00f6rre nytta d\u00e4r, \u00e4n att jag ska slita mitt sista h\u00e5r i ett f\u00f6rs\u00f6k att v\u00e4nda en skuta som inte vill sv\u00e4nga.<\/p><\/blockquote>\n<p>Om MP inte f\u00f6rm\u00e5r formulera en politik bortom konsumtionssamh\u00e4llet, i linje med forskningen och planetens gr\u00e4nser, sviker partiet sitt historiska uppdrag. Att vara \u201db\u00e4ttre \u00e4n Tid\u00f6\u201d r\u00e4cker inte n\u00e4r vi rusar mot tre graders uppv\u00e4rmning.\u00a0<\/p>\n<p><b>Till alla radikala krafter <\/b>som \u00e4r kvar i partiet, inte minst p\u00e5 lokalniv\u00e5, jag ser er och jag beundrar ert t\u00e5lamod. F\u00f6r egen del kan jag inte f\u00f6rsvara partiets tillv\u00e4xtpolitik i den stundande valr\u00f6relsen. D\u00e4rf\u00f6r l\u00e4mnar jag nu partipolitiken f\u00f6r att \u00e5terg\u00e5 till klimatr\u00f6relsen. Jag tror att min gl\u00f6d g\u00f6r st\u00f6rre nytta d\u00e4r, \u00e4n att jag ska slita mitt sista h\u00e5r i ett f\u00f6rs\u00f6k att v\u00e4nda en skuta som inte vill sv\u00e4nga.<\/p>\n<p>Precis som jag st\u00e4lls hela klimatr\u00f6relsen st\u00e4lls nu inf\u00f6r ett v\u00e4gval, ska vi \u00e4ven detta val st\u00f6dr\u00f6sta p\u00e5 MP, eller \u00e4r det dags att kr\u00e4va en politik som v\u00e5gar leverera en verklighetsf\u00f6rankrad och hoppfull vision? Vi m\u00e5ste kunna kr\u00e4va en politik som faktiskt \u00e4r i linje med 1,5-gradersm\u00e5let och om de r\u00f6dgr\u00f6na inte kan leverera det, varf\u00f6r ska de d\u00e5 ha v\u00e5rt st\u00f6d?\u00a0<\/p>\n","protected":false},"excerpt":{"rendered":"Sedan Milj\u00f6partiet klev in i regeringskansliet 2014 har n\u00e5got v\u00e4sentligt g\u00e5tt f\u00f6rlorat. Det som en g\u00e5ng var en&hellip;\n","protected":false},"author":2,"featured_media":136471,"comment_status":"","ping_status":"","sticky":false,"template":"","format":"standard","meta":{"footnotes":""},"categories":[14],"tags":[22,23,26,27,17,21,24,25,28,29,15,16,18,34,31,33,32,30,19,20,51,52,53,54],"class_list":{"0":"post-136470","1":"post","2":"type-post","3":"status-publish","4":"format-standard","5":"has-post-thumbnail","7":"category-varlden","8":"tag-breaking-news","9":"tag-breakingnews","10":"tag-featured-news","11":"tag-featurednews","12":"tag-headlines","13":"tag-huvudnyheter","14":"tag-latest-news","15":"tag-latestnews","16":"tag-main-news","17":"tag-mainnews","18":"tag-news","19":"tag-nyheter","20":"tag-rubriker","21":"tag-se","22":"tag-svenska","23":"tag-sverige","24":"tag-sweden","25":"tag-swedish","26":"tag-top-stories","27":"tag-topstories","28":"tag-varlden","29":"tag-world","30":"tag-world-news","31":"tag-worldnews"},"share_on_mastodon":{"url":"https:\/\/pubeurope.com\/@se\/115896967687184375","error":""},"_links":{"self":[{"href":"https:\/\/www.europesays.com\/se\/wp-json\/wp\/v2\/posts\/136470","targetHints":{"allow":["GET"]}}],"collection":[{"href":"https:\/\/www.europesays.com\/se\/wp-json\/wp\/v2\/posts"}],"about":[{"href":"https:\/\/www.europesays.com\/se\/wp-json\/wp\/v2\/types\/post"}],"author":[{"embeddable":true,"href":"https:\/\/www.europesays.com\/se\/wp-json\/wp\/v2\/users\/2"}],"replies":[{"embeddable":true,"href":"https:\/\/www.europesays.com\/se\/wp-json\/wp\/v2\/comments?post=136470"}],"version-history":[{"count":0,"href":"https:\/\/www.europesays.com\/se\/wp-json\/wp\/v2\/posts\/136470\/revisions"}],"wp:featuredmedia":[{"embeddable":true,"href":"https:\/\/www.europesays.com\/se\/wp-json\/wp\/v2\/media\/136471"}],"wp:attachment":[{"href":"https:\/\/www.europesays.com\/se\/wp-json\/wp\/v2\/media?parent=136470"}],"wp:term":[{"taxonomy":"category","embeddable":true,"href":"https:\/\/www.europesays.com\/se\/wp-json\/wp\/v2\/categories?post=136470"},{"taxonomy":"post_tag","embeddable":true,"href":"https:\/\/www.europesays.com\/se\/wp-json\/wp\/v2\/tags?post=136470"}],"curies":[{"name":"wp","href":"https:\/\/api.w.org\/{rel}","templated":true}]}}