{"id":136476,"date":"2026-01-15T03:24:07","date_gmt":"2026-01-15T03:24:07","guid":{"rendered":"https:\/\/www.europesays.com\/se\/136476\/"},"modified":"2026-01-15T03:24:07","modified_gmt":"2026-01-15T03:24:07","slug":"forskare-hittar-mojlig-koppling-mellan-ett-visst-kannetecken-pa-din-kropp-och-dodlighet","status":"publish","type":"post","link":"https:\/\/www.europesays.com\/se\/136476\/","title":{"rendered":"Forskare hittar m\u00f6jlig koppling mellan ett visst k\u00e4nnetecken p\u00e5 din kropp och d\u00f6dlighet"},"content":{"rendered":"<p>Omv\u00e4nt, n\u00e4r en tand som angripits av karies behandlas och fylls, kan den, precis som friska t\u00e4nder, hj\u00e4lpa dig att tugga n\u00e4ringsrik mat och s\u00e4kerst\u00e4lla att kroppen forts\u00e4tter att f\u00e5 de n\u00f6dv\u00e4ndiga n\u00e4rings\u00e4mnena \u00e4ven vid h\u00f6g \u00e5lder.<\/p>\n<p>De japanska forskarna betonar att t\u00e4nder inte \u00e4r direkt avg\u00f6rande f\u00f6r \u00e5ldrande, h\u00e4lsostatus eller d\u00f6dlighet.<\/p>\n<p>Men deras tillst\u00e5nd kan hj\u00e4lpa till att spegla en persons allm\u00e4nna h\u00e4lsa: Friska t\u00e4nder \u00e4r ett bevis f\u00f6r att du tar hand om dig sj\u00e4lv, medan d\u00e5liga eller saknade t\u00e4nder kan signalera motsatsen.<\/p>\n","protected":false},"excerpt":{"rendered":"Omv\u00e4nt, n\u00e4r en tand som angripits av karies behandlas och fylls, kan den, precis som friska t\u00e4nder, hj\u00e4lpa&hellip;\n","protected":false},"author":2,"featured_media":136477,"comment_status":"","ping_status":"","sticky":false,"template":"","format":"standard","meta":{"footnotes":""},"categories":[69],"tags":[113,112,34,31,33,32,30],"class_list":{"0":"post-136476","1":"post","2":"type-post","3":"status-publish","4":"format-standard","5":"has-post-thumbnail","7":"category-halsa","8":"tag-halsa","9":"tag-health","10":"tag-se","11":"tag-svenska","12":"tag-sverige","13":"tag-sweden","14":"tag-swedish"},"share_on_mastodon":{"url":"https:\/\/pubeurope.com\/@se\/115896979432078709","error":""},"_links":{"self":[{"href":"https:\/\/www.europesays.com\/se\/wp-json\/wp\/v2\/posts\/136476","targetHints":{"allow":["GET"]}}],"collection":[{"href":"https:\/\/www.europesays.com\/se\/wp-json\/wp\/v2\/posts"}],"about":[{"href":"https:\/\/www.europesays.com\/se\/wp-json\/wp\/v2\/types\/post"}],"author":[{"embeddable":true,"href":"https:\/\/www.europesays.com\/se\/wp-json\/wp\/v2\/users\/2"}],"replies":[{"embeddable":true,"href":"https:\/\/www.europesays.com\/se\/wp-json\/wp\/v2\/comments?post=136476"}],"version-history":[{"count":0,"href":"https:\/\/www.europesays.com\/se\/wp-json\/wp\/v2\/posts\/136476\/revisions"}],"wp:featuredmedia":[{"embeddable":true,"href":"https:\/\/www.europesays.com\/se\/wp-json\/wp\/v2\/media\/136477"}],"wp:attachment":[{"href":"https:\/\/www.europesays.com\/se\/wp-json\/wp\/v2\/media?parent=136476"}],"wp:term":[{"taxonomy":"category","embeddable":true,"href":"https:\/\/www.europesays.com\/se\/wp-json\/wp\/v2\/categories?post=136476"},{"taxonomy":"post_tag","embeddable":true,"href":"https:\/\/www.europesays.com\/se\/wp-json\/wp\/v2\/tags?post=136476"}],"curies":[{"name":"wp","href":"https:\/\/api.w.org\/{rel}","templated":true}]}}