{"id":136478,"date":"2026-01-15T03:28:33","date_gmt":"2026-01-15T03:28:33","guid":{"rendered":"https:\/\/www.europesays.com\/se\/136478\/"},"modified":"2026-01-15T03:28:33","modified_gmt":"2026-01-15T03:28:33","slug":"akelius-okar-i-borsens-mest-blankade-bolag-jag-ar-matematiker","status":"publish","type":"post","link":"https:\/\/www.europesays.com\/se\/136478\/","title":{"rendered":"Akelius \u00f6kar i b\u00f6rsens mest blankade bolag: &#8221;Jag \u00e4r matematiker&#8221;"},"content":{"rendered":"<p class=\"font-sans text-base text-text-main dark:text-text-main-dark font-normal leading-[1.4]\"><strong>Roger Akelius<\/strong> har tryckt p\u00e5 k\u00f6pknappen igen. I december k\u00f6pte fastighetsmiljard\u00e4ren ytterligare 220 000 aktier i <strong>Electrolux<\/strong> och \u00e4ger nu 1 miljon aktier i bolaget, till ett v\u00e4rde av 64,8 Mkr, enligt Holdings.<\/p>\n<p class=\"font-sans text-base text-text-main dark:text-text-main-dark font-normal leading-[1.4]\">&#8221;Jag \u00e4r matematiker. Vinsten p\u00e5 mina aktieaff\u00e4rer blir \u00e5rsvis \u00f6ver 20%,\u00a0fr\u00e5nsett <strong>Castellum<\/strong>. Jag r\u00e4knar p\u00e5 volatilitet och \u00e4r aktiv\u00a0med optioner. I s\u00e5dana fall blir mitt tidsrum tre m\u00e5nader. D\u00e4r passar Electrolux&#8221;, uppger Roger Akelius f\u00f6r Placera.<\/p>\n<p class=\"font-sans text-base text-text-main dark:text-text-main-dark font-normal leading-[1.4]\">I fastighetsbolaget Castellum \u00e4ger han 780 000 aktier till ett v\u00e4rde av 84,9 Mkr, enligt Holdings.<\/p>\n","protected":false},"excerpt":{"rendered":"Roger Akelius har tryckt p\u00e5 k\u00f6pknappen igen. I december k\u00f6pte fastighetsmiljard\u00e4ren ytterligare 220 000 aktier i Electrolux och&hellip;\n","protected":false},"author":2,"featured_media":136479,"comment_status":"","ping_status":"","sticky":false,"template":"","format":"standard","meta":{"footnotes":""},"categories":[65],"tags":[72,3011,70,71,6307,11799,34,31,33,32,30],"class_list":{"0":"post-136478","1":"post","2":"type-post","3":"status-publish","4":"format-standard","5":"has-post-thumbnail","7":"category-ekonomi","8":"tag-business","9":"tag-castellum","10":"tag-economy","11":"tag-ekonomi","12":"tag-electrolux","13":"tag-roger-akelius","14":"tag-se","15":"tag-svenska","16":"tag-sverige","17":"tag-sweden","18":"tag-swedish"},"share_on_mastodon":{"url":"https:\/\/pubeurope.com\/@se\/115896995241076423","error":""},"_links":{"self":[{"href":"https:\/\/www.europesays.com\/se\/wp-json\/wp\/v2\/posts\/136478","targetHints":{"allow":["GET"]}}],"collection":[{"href":"https:\/\/www.europesays.com\/se\/wp-json\/wp\/v2\/posts"}],"about":[{"href":"https:\/\/www.europesays.com\/se\/wp-json\/wp\/v2\/types\/post"}],"author":[{"embeddable":true,"href":"https:\/\/www.europesays.com\/se\/wp-json\/wp\/v2\/users\/2"}],"replies":[{"embeddable":true,"href":"https:\/\/www.europesays.com\/se\/wp-json\/wp\/v2\/comments?post=136478"}],"version-history":[{"count":0,"href":"https:\/\/www.europesays.com\/se\/wp-json\/wp\/v2\/posts\/136478\/revisions"}],"wp:featuredmedia":[{"embeddable":true,"href":"https:\/\/www.europesays.com\/se\/wp-json\/wp\/v2\/media\/136479"}],"wp:attachment":[{"href":"https:\/\/www.europesays.com\/se\/wp-json\/wp\/v2\/media?parent=136478"}],"wp:term":[{"taxonomy":"category","embeddable":true,"href":"https:\/\/www.europesays.com\/se\/wp-json\/wp\/v2\/categories?post=136478"},{"taxonomy":"post_tag","embeddable":true,"href":"https:\/\/www.europesays.com\/se\/wp-json\/wp\/v2\/tags?post=136478"}],"curies":[{"name":"wp","href":"https:\/\/api.w.org\/{rel}","templated":true}]}}