{"id":136510,"date":"2026-01-15T04:08:09","date_gmt":"2026-01-15T04:08:09","guid":{"rendered":"https:\/\/www.europesays.com\/se\/136510\/"},"modified":"2026-01-15T04:08:09","modified_gmt":"2026-01-15T04:08:09","slug":"arets-forsta-windows-11-uppdatering-forbattrar-batteritiden-for-ai-datorer","status":"publish","type":"post","link":"https:\/\/www.europesays.com\/se\/136510\/","title":{"rendered":"\u00c5rets f\u00f6rsta Windows 11-uppdatering f\u00f6rb\u00e4ttrar batteritiden f\u00f6r AI-datorer"},"content":{"rendered":"<p>Efter juluppeh\u00e5llet har nya uppdateringar f\u00f6r Windows 11 \u00e5terigen b\u00f6rjat rulla ut. F\u00f6rutom att <a href=\"https:\/\/www.pcforalla.se\/article\/2427004\/microsoft-slapper-ny-samling-med-sakerhetsfixar.html\" rel=\"nofollow noopener\" target=\"_blank\">fixa till en rad s\u00e4kerhetsh\u00e5l<\/a>, <a href=\"https:\/\/idg.digidip.net\/visit?url=https:\/\/support.microsoft.com\/en-gb\/topic\/january-13-2026-kb5074109-os-builds-26200-7623-and-26100-7623-3ec427dd-6fc4-4c32-a471-83504dd081cb&amp;currurl=https:\/\/www.pcforalla.se\/article\/3032733\/arets-forsta-windows-11-uppdatering-forbattrar-batteritiden-for-ai-datorer.html&amp;ref=8-1-3032733-1-0-0-0-0\" target=\"_blank\" rel=\"nofollow noopener\" data-subtag=\"8-1-3032733-1-0-0-0-0\" data-domain-name=\"microsoft\">meddelar<\/a> Microsoft \u00e4ven att \u00e5rets f\u00f6rsta Windows 11-uppdatering \u00e4ven kan f\u00f6rb\u00e4ttra batteritiden f\u00f6r AI-laptoppar.<\/p>\n<p><strong>L\u00e4s \u00e4ven:\u00a0<a href=\"https:\/\/www.pcforalla.se\/article\/3032031\/microsoft-uppgradera-till-en-ai-dator-annars-missar-du-nasta-generations-pc.html\" rel=\"nofollow noopener\" target=\"_blank\">Uppgradera till en AI-dator \u2013 annars missar du n\u00e4sta generations PC, s\u00e4ger Microsoft<\/a><\/strong><\/p>\n<p>P\u00e5 sin <a href=\"https:\/\/idg.digidip.net\/visit?url=https:\/\/support.microsoft.com\/en-gb\/topic\/january-13-2026-kb5074109-os-builds-26200-7623-and-26100-7623-3ec427dd-6fc4-4c32-a471-83504dd081cb#:~:text=%5BPower%20%26%20Battery&amp;currurl=https:\/\/www.pcforalla.se\/article\/3032733\/arets-forsta-windows-11-uppdatering-forbattrar-batteritiden-for-ai-datorer.html&amp;ref=8-1-3032733-1-0-0-0-0\" target=\"_blank\" rel=\"nofollow noopener\" data-subtag=\"8-1-3032733-1-0-0-0-0\" data-domain-name=\"microsoft\">supportsida<\/a> skriver Microsoft att den nya uppdateringen KB5074109 \u00e5tg\u00e4rdar ett problem som kunde f\u00e5 datorer utrustade med neuronprocessorer, eller npu-enheter, att f\u00f6rbli p\u00e5slagna \u00e4ven n\u00e4r de var inaktiva, n\u00e5got som kunde f\u00f6rs\u00e4mra batteriprestandan.<\/p>\n<p>Det enklaste s\u00e4ttet att installera KB5074109 \u00e4r att starta Windows Update och f\u00f6lja instruktionerna d\u00e4r. Uppdateringen \u00e4r tillg\u00e4nglig b\u00e5de p\u00e5 Windows 11 25H2 och 24H2.<\/p>\n","protected":false},"excerpt":{"rendered":"Efter juluppeh\u00e5llet har nya uppdateringar f\u00f6r Windows 11 \u00e5terigen b\u00f6rjat rulla ut. F\u00f6rutom att fixa till en rad&hellip;\n","protected":false},"author":2,"featured_media":136511,"comment_status":"","ping_status":"","sticky":false,"template":"","format":"standard","meta":{"footnotes":""},"categories":[66],"tags":[80,78,79,34,31,33,32,30,81,84,83,82],"class_list":{"0":"post-136510","1":"post","2":"type-post","3":"status-publish","4":"format-standard","5":"has-post-thumbnail","7":"category-vetenskap-och-teknik","8":"tag-science","9":"tag-science-and-technology","10":"tag-scienceandtechnology","11":"tag-se","12":"tag-svenska","13":"tag-sverige","14":"tag-sweden","15":"tag-swedish","16":"tag-technology","17":"tag-teknik","18":"tag-vetenskap","19":"tag-vetenskapteknik"},"share_on_mastodon":{"url":"https:\/\/pubeurope.com\/@se\/115897152442071201","error":""},"_links":{"self":[{"href":"https:\/\/www.europesays.com\/se\/wp-json\/wp\/v2\/posts\/136510","targetHints":{"allow":["GET"]}}],"collection":[{"href":"https:\/\/www.europesays.com\/se\/wp-json\/wp\/v2\/posts"}],"about":[{"href":"https:\/\/www.europesays.com\/se\/wp-json\/wp\/v2\/types\/post"}],"author":[{"embeddable":true,"href":"https:\/\/www.europesays.com\/se\/wp-json\/wp\/v2\/users\/2"}],"replies":[{"embeddable":true,"href":"https:\/\/www.europesays.com\/se\/wp-json\/wp\/v2\/comments?post=136510"}],"version-history":[{"count":0,"href":"https:\/\/www.europesays.com\/se\/wp-json\/wp\/v2\/posts\/136510\/revisions"}],"wp:featuredmedia":[{"embeddable":true,"href":"https:\/\/www.europesays.com\/se\/wp-json\/wp\/v2\/media\/136511"}],"wp:attachment":[{"href":"https:\/\/www.europesays.com\/se\/wp-json\/wp\/v2\/media?parent=136510"}],"wp:term":[{"taxonomy":"category","embeddable":true,"href":"https:\/\/www.europesays.com\/se\/wp-json\/wp\/v2\/categories?post=136510"},{"taxonomy":"post_tag","embeddable":true,"href":"https:\/\/www.europesays.com\/se\/wp-json\/wp\/v2\/tags?post=136510"}],"curies":[{"name":"wp","href":"https:\/\/api.w.org\/{rel}","templated":true}]}}