{"id":136520,"date":"2026-01-15T04:34:24","date_gmt":"2026-01-15T04:34:24","guid":{"rendered":"https:\/\/www.europesays.com\/se\/136520\/"},"modified":"2026-01-15T04:34:24","modified_gmt":"2026-01-15T04:34:24","slug":"seb-hojer-riktkursen-for-saab-raknar-med-rekordkvartal","status":"publish","type":"post","link":"https:\/\/www.europesays.com\/se\/136520\/","title":{"rendered":"SEB h\u00f6jer riktkursen f\u00f6r Saab \u2013 r\u00e4knar med rekordkvartal"},"content":{"rendered":"<p class=\"font-sans text-base text-text-main dark:text-text-main-dark font-normal leading-[1.4]\">Det anser SEB som i en analys h\u00f6jer sin riktkurs f\u00f6r aktien fr\u00e5n 560 till 700 kronor. Sedan \u00e5rsskiftet har aktien stigit 31 procent till 704 kronor i det geopolitiskt oroliga klimatet.<\/p>\n<p class=\"font-sans text-base text-text-main dark:text-text-main-dark font-normal leading-[1.4]\">\u00c4ven om v\u00e4rderingen av aktien har blivit kr\u00e4vande st\u00e5r SEB fast vid sin beh\u00e5llrekommendation givet avsaknad av negativa utl\u00f6sare, heter det i analysen.<\/p>\n<p class=\"font-sans text-base text-text-main dark:text-text-main-dark font-normal leading-[1.4]\">Banken r\u00e4knar med att Saab kommer att rapportera ett rekordkvartal f\u00f6r den g\u00e5ngna rapportperioden.<\/p>\n<p class=\"font-sans text-base text-text-main dark:text-text-main-dark font-normal leading-[1.4]\">&#8221;Vi f\u00f6rv\u00e4ntar oss nya m\u00e5l p\u00e5 medell\u00e5ng sikt, med organisk tillv\u00e4xt h\u00f6gt i intervallet 13-19 procent (&#8221;high teens&#8221;) som kommer att visa f\u00f6retagets f\u00f6rm\u00e5ga att exekvera p\u00e5 en snabbt v\u00e4xande orderbok&#8221;, skriver SEB som har h\u00f6jt sina vinstestimat f\u00f6r \u00e5ren 2025-2027.<\/p>\n<p class=\"font-sans text-base text-text-main dark:text-text-main-dark font-normal leading-[1.4]\">Saabs del\u00e5rsrapport f\u00f6r det fj\u00e4rde kvartalet v\u00e4ntas den 5 februari.<\/p>\n","protected":false},"excerpt":{"rendered":"Det anser SEB som i en analys h\u00f6jer sin riktkurs f\u00f6r aktien fr\u00e5n 560 till 700 kronor. Sedan&hellip;\n","protected":false},"author":2,"featured_media":136521,"comment_status":"","ping_status":"","sticky":false,"template":"","format":"standard","meta":{"footnotes":""},"categories":[65],"tags":[72,70,71,2200,34,31,33,32,30],"class_list":{"0":"post-136520","1":"post","2":"type-post","3":"status-publish","4":"format-standard","5":"has-post-thumbnail","7":"category-ekonomi","8":"tag-business","9":"tag-economy","10":"tag-ekonomi","11":"tag-saab","12":"tag-se","13":"tag-svenska","14":"tag-sverige","15":"tag-sweden","16":"tag-swedish"},"share_on_mastodon":{"url":"https:\/\/pubeurope.com\/@se\/115897254756203345","error":""},"_links":{"self":[{"href":"https:\/\/www.europesays.com\/se\/wp-json\/wp\/v2\/posts\/136520","targetHints":{"allow":["GET"]}}],"collection":[{"href":"https:\/\/www.europesays.com\/se\/wp-json\/wp\/v2\/posts"}],"about":[{"href":"https:\/\/www.europesays.com\/se\/wp-json\/wp\/v2\/types\/post"}],"author":[{"embeddable":true,"href":"https:\/\/www.europesays.com\/se\/wp-json\/wp\/v2\/users\/2"}],"replies":[{"embeddable":true,"href":"https:\/\/www.europesays.com\/se\/wp-json\/wp\/v2\/comments?post=136520"}],"version-history":[{"count":0,"href":"https:\/\/www.europesays.com\/se\/wp-json\/wp\/v2\/posts\/136520\/revisions"}],"wp:featuredmedia":[{"embeddable":true,"href":"https:\/\/www.europesays.com\/se\/wp-json\/wp\/v2\/media\/136521"}],"wp:attachment":[{"href":"https:\/\/www.europesays.com\/se\/wp-json\/wp\/v2\/media?parent=136520"}],"wp:term":[{"taxonomy":"category","embeddable":true,"href":"https:\/\/www.europesays.com\/se\/wp-json\/wp\/v2\/categories?post=136520"},{"taxonomy":"post_tag","embeddable":true,"href":"https:\/\/www.europesays.com\/se\/wp-json\/wp\/v2\/tags?post=136520"}],"curies":[{"name":"wp","href":"https:\/\/api.w.org\/{rel}","templated":true}]}}