{"id":136527,"date":"2026-01-15T05:08:11","date_gmt":"2026-01-15T05:08:11","guid":{"rendered":"https:\/\/www.europesays.com\/se\/136527\/"},"modified":"2026-01-15T05:08:11","modified_gmt":"2026-01-15T05:08:11","slug":"kristersson-om-militar-till-gronland-sjalvklart-vasterbottens-kuriren","status":"publish","type":"post","link":"https:\/\/www.europesays.com\/se\/136527\/","title":{"rendered":"Kristersson om milit\u00e4r till Gr\u00f6nland: Sj\u00e4lvklart &#8211; V\u00e4sterbottens-Kuriren"},"content":{"rendered":"<ol>\n<li><a href=\"https:\/\/news.google.com\/rss\/articles\/CBMiigFBVV95cUxQWi1yZF95bVJqaks0VFhvXzBtaTZyMzdSbTJqbVdsRFVwR0RFNDZ5QVAzNmMzRGh0MTNHOHEtZ0tGX2hkazJOb3dRZFpKTGY5MGllMDRNeW04LTEtMkZVR0dOcTdLNDFZdFpZY3hiUHZjUWY3UDBLZjFGX0otc0tuRGMxUjBmQ3NESmc?oc=5\" target=\"_blank\" rel=\"nofollow noopener\">Kristersson om milit\u00e4r till Gr\u00f6nland: Sj\u00e4lvklart<\/a>&nbsp;&nbsp;V\u00e4sterbottens-Kuriren<\/li>\n<li><a href=\"https:\/\/news.google.com\/rss\/articles\/CBMikgFBVV95cUxQbEwydV96UWtvZkFObzU2Qlo2MFpqRjFwQ0FJM3BadHctVWVBbGRNbS1vUnZWNzB2eEl3aEpYMl9FOHRwNlFRdkJmSVc3ZXk2clBVYVlCYm1YMUtIVkNqd3drbm9EaGJmd1hVN0ZGdjh3dVRKQ3FfNUZ2blBwUDBHbU9JYWU1dE53OHZsZFZKYkk3QQ?oc=5\" target=\"_blank\" rel=\"nofollow noopener\">Sverige skickar milit\u00e4rer till Gr\u00f6nland<\/a>&nbsp;&nbsp;Aftonbladet<\/li>\n<li><a href=\"https:\/\/news.google.com\/rss\/articles\/CBMidkFVX3lxTE02WmQ1dTl1TmM2V0ZaTTN3MHpiX04tRGJnYUJxdkV5R3VEekhIN1BvN05aaEIzVi1YbGd0UmNhVjVwbE5CcVg5bFB3Tmh3RENqbEFOR0tLaUZaWkpaLW5aZHN6S1poREpXdGxYdFp3ZkUyOVByZ3c?oc=5\" target=\"_blank\" rel=\"nofollow noopener\">Svenska milit\u00e4rer \u00e4r p\u00e5 v\u00e4g till Gr\u00f6nland<\/a>&nbsp;&nbsp;SvD<\/li>\n<li><a href=\"https:\/\/news.google.com\/rss\/articles\/CBMijAFBVV95cUxPUFd4YUZpSm1uRG91LTEtSjdaeUNKTG1FbW5lRExTcmpaMjZRelBhdmdkTVZ5bWRoX2g1ZDQxYlpHT3lfTENMSmNFVkxYdS1qbkZzeEpHSWxPTHNvZ184WlZuZ25lNlVyczZzeDVsY0dOQTJwXzJaRWdueHhUYS1HcjFhNDhVRnd0Y0JEYg?oc=5\" target=\"_blank\" rel=\"nofollow noopener\">Kristersson bekr\u00e4ftar: Sverige har skickat milit\u00e4r till Gr\u00f6nland<\/a>&nbsp;&nbsp;Expressen<\/li>\n<li><a href=\"https:\/\/news.google.com\/rss\/articles\/CBMijgFBVV95cUxNcVdqQmtla2NDTXlIVkMxME1iQ2FKTnNoQld1YzUybVhSTnptUGtRYllWekEtbG93cW1UNFFRTEdnV3R6SFJpc1lnQ09QeThfN3NnMFVHLWVySEhqZzJfTjRnT3hnU0xkN2tBdU1HRVRLVUx4STlxLVFaOThaRUdTTm9DRXJxLTVqcWdhcU1n?oc=5\" target=\"_blank\" rel=\"nofollow noopener\">Bekr\u00e4ftat: Danmark skickar f\u00f6rtrupp till Gr\u00f6nland<\/a>&nbsp;&nbsp;Sveriges Radio<\/li>\n<\/ol>\n","protected":false},"excerpt":{"rendered":"Kristersson om milit\u00e4r till Gr\u00f6nland: Sj\u00e4lvklart&nbsp;&nbsp;V\u00e4sterbottens-Kuriren Sverige skickar milit\u00e4rer till Gr\u00f6nland&nbsp;&nbsp;Aftonbladet Svenska milit\u00e4rer \u00e4r p\u00e5 v\u00e4g till Gr\u00f6nland&nbsp;&nbsp;SvD&hellip;\n","protected":false},"author":2,"featured_media":136528,"comment_status":"","ping_status":"","sticky":false,"template":"","format":"standard","meta":{"footnotes":""},"categories":[14],"tags":[22,23,26,27,17,21,24,25,28,29,15,16,18,34,31,33,32,30,19,20,51,52,53,54],"class_list":{"0":"post-136527","1":"post","2":"type-post","3":"status-publish","4":"format-standard","5":"has-post-thumbnail","7":"category-varlden","8":"tag-breaking-news","9":"tag-breakingnews","10":"tag-featured-news","11":"tag-featurednews","12":"tag-headlines","13":"tag-huvudnyheter","14":"tag-latest-news","15":"tag-latestnews","16":"tag-main-news","17":"tag-mainnews","18":"tag-news","19":"tag-nyheter","20":"tag-rubriker","21":"tag-se","22":"tag-svenska","23":"tag-sverige","24":"tag-sweden","25":"tag-swedish","26":"tag-top-stories","27":"tag-topstories","28":"tag-varlden","29":"tag-world","30":"tag-world-news","31":"tag-worldnews"},"share_on_mastodon":{"url":"https:\/\/pubeurope.com\/@se\/115897388400531601","error":""},"_links":{"self":[{"href":"https:\/\/www.europesays.com\/se\/wp-json\/wp\/v2\/posts\/136527","targetHints":{"allow":["GET"]}}],"collection":[{"href":"https:\/\/www.europesays.com\/se\/wp-json\/wp\/v2\/posts"}],"about":[{"href":"https:\/\/www.europesays.com\/se\/wp-json\/wp\/v2\/types\/post"}],"author":[{"embeddable":true,"href":"https:\/\/www.europesays.com\/se\/wp-json\/wp\/v2\/users\/2"}],"replies":[{"embeddable":true,"href":"https:\/\/www.europesays.com\/se\/wp-json\/wp\/v2\/comments?post=136527"}],"version-history":[{"count":0,"href":"https:\/\/www.europesays.com\/se\/wp-json\/wp\/v2\/posts\/136527\/revisions"}],"wp:featuredmedia":[{"embeddable":true,"href":"https:\/\/www.europesays.com\/se\/wp-json\/wp\/v2\/media\/136528"}],"wp:attachment":[{"href":"https:\/\/www.europesays.com\/se\/wp-json\/wp\/v2\/media?parent=136527"}],"wp:term":[{"taxonomy":"category","embeddable":true,"href":"https:\/\/www.europesays.com\/se\/wp-json\/wp\/v2\/categories?post=136527"},{"taxonomy":"post_tag","embeddable":true,"href":"https:\/\/www.europesays.com\/se\/wp-json\/wp\/v2\/tags?post=136527"}],"curies":[{"name":"wp","href":"https:\/\/api.w.org\/{rel}","templated":true}]}}