{"id":136531,"date":"2026-01-15T05:16:06","date_gmt":"2026-01-15T05:16:06","guid":{"rendered":"https:\/\/www.europesays.com\/se\/136531\/"},"modified":"2026-01-15T05:16:06","modified_gmt":"2026-01-15T05:16:06","slug":"trumps-utspel-zelenskyj-star-i-vagen-for-freden-varlden","status":"publish","type":"post","link":"https:\/\/www.europesays.com\/se\/136531\/","title":{"rendered":"Trumps utspel: Zelenskyj st\u00e5r i v\u00e4gen f\u00f6r freden | V\u00e4rlden"},"content":{"rendered":"<p>Publicerad 15 jan 2026 kl 03.37<\/p>\n<p>Det \u00e4r Ukraina som st\u00e5r i v\u00e4gen f\u00f6r freden.<\/p>\n<p>Det s\u00e4ger Donald Trump i en intervju med Reuters.<\/p>\n<p>Vladimir Putin d\u00e4remot \u00e4r redo f\u00f6r fred, p\u00e5st\u00e5r den amerikanska presidenten.\u00a0<\/p>\n<p><img   alt=\"\"\/><\/p>\n<p>Donald Trump l\u00e4gger \u00e5terigen skulden p\u00e5 kriget i Ukraina p\u00e5 Ukraina.<\/p>\n<p>Foto: ALEX BRANDON  \/AP \/TT<\/p>\n<p>\u00d6ppna bild i helsk\u00e4rm<img loading=\"lazy\"   alt=\"\"\/> <\/p>\n<p>Foto: ANP\/\/ SHUTTERSTOCK EDITORIAL\/ IBL<\/p>\n<p>\u00d6ppna bild i helsk\u00e4rm<\/p>\n<p>Donald Trumps uttalanden om kriget i Ukraina forts\u00e4tter g\u00e5 fram och tillbaka. Men det finns en r\u00f6d tr\u00e5d: N\u00e5gon press p\u00e5 Vladimir Putin och Ryssland blir det egentligen aldrig. D\u00e4remot l\u00e4ggs ofta viss \u2013 eller all \u2013 skuld p\u00e5 Ukraina och Volodymyr Zelenskyj. S\u00e5 ocks\u00e5 i en ny intervju med <a href=\"https:\/\/www.reuters.com\/world\/europe\/trump-says-zelenskiy-not-putin-is-holding-up-ukraine-peace-deal-2026-01-15\/\" rel=\"nofollow noopener\" target=\"_blank\">Reuters<\/a>.\u00a0<\/p>\n<p>\u2013 Jag tror att han \u00e4r redo f\u00f6r ett avtal, s\u00e4ger <a href=\"https:\/\/www.expressen.se\/tagg\/person\/donald-trump\/\" class=\"\" rel=\"nofollow noopener\" target=\"_blank\">Donald Trump<\/a> om Putin.\u00a0<\/p>\n<p>\u2013 Jag tror att Ukraina \u00e4r mindre beredda p\u00e5 det.<\/p>\n<p>P\u00e5 fr\u00e5gan om varf\u00f6r de USA-ledda f\u00f6rhandlingarna \u00e4nnu inte lett till n\u00e5got resultat \u2013 Trump skulle ju ordna fred inom ett dygn \u2013 svarar den amerikanska presidenten kort och gott:<\/p>\n<p>\u2013 Zelenskyj.<\/p>\n<p>Eventuell tr\u00e4ff<\/p>\n<p>Trots upprepade uttalanden om framsteg har f\u00f6rhandlingarna mellan USA, Ukraina och Ryssland egentligen inte g\u00e5tt fram\u00e5t under Trumps tid vid makten. Zelenskyj vidh\u00e5ller att Ukraina inte kan g\u00e5 med p\u00e5 att avtr\u00e4da territorium \u2013 s\u00e4rskilt inte s\u00e5dant Ryssland inte f\u00f6rm\u00e5tt er\u00f6vra under mer \u00e4n tio \u00e5rs krigande \u2013 medan Putin forts\u00e4tter kr\u00e4va mer eller mindre fullst\u00e4ndig kapitulation.\u00a0<\/p>\n<p>En annan stor fr\u00e5ga \u00e4r s\u00e4kerhetsgarantier till Ukraina efter en eventuell fred eller en vapenvila, d\u00e4r Ryssland st\u00e5r i v\u00e4gen f\u00f6r samtliga v\u00e4sterl\u00e4ndska f\u00f6rslag.\u00a0<\/p>\n<p>Tidigare har rapporterats att Donald Trump ska tr\u00e4ffa Zelenskyj vid det v\u00e4rldsekonomiska forumet i Davos. Trump tonar nu ner det, men s\u00e4ger att de eventuellt ska tr\u00e4ffas.<\/p>\n<p>\u2013 Det kommer jag g\u00f6ra, om han \u00e4r d\u00e4r. Jag kommer att vara d\u00e4r, s\u00e4ger Trump.<\/p>\n","protected":false},"excerpt":{"rendered":"Publicerad 15 jan 2026 kl 03.37 Det \u00e4r Ukraina som st\u00e5r i v\u00e4gen f\u00f6r freden. Det s\u00e4ger Donald&hellip;\n","protected":false},"author":2,"featured_media":136532,"comment_status":"","ping_status":"","sticky":false,"template":"","format":"standard","meta":{"footnotes":""},"categories":[14],"tags":[50,22,23,26,27,17,21,24,25,274,202,28,29,15,16,198,203,906,18,34,55,31,33,32,30,19,204,60,49,20,51,52,53,54],"class_list":{"0":"post-136531","1":"post","2":"type-post","3":"status-publish","4":"format-standard","5":"has-post-thumbnail","7":"category-varlden","8":"tag-arme-forsvar","9":"tag-breaking-news","10":"tag-breakingnews","11":"tag-featured-news","12":"tag-featurednews","13":"tag-headlines","14":"tag-huvudnyheter","15":"tag-latest-news","16":"tag-latestnews","17":"tag-location-ryssland","18":"tag-location-ukraina","19":"tag-main-news","20":"tag-mainnews","21":"tag-news","22":"tag-nyheter","23":"tag-person-donald-trump","24":"tag-person-vladimir-putin","25":"tag-person-volodymyr-zelenskyj","26":"tag-rubriker","27":"tag-se","28":"tag-sections-varlden","29":"tag-svenska","30":"tag-sverige","31":"tag-sweden","32":"tag-swedish","33":"tag-top-stories","34":"tag-topic-amerikansk-politik","35":"tag-topic-krig-konflikt","36":"tag-topic-militar","37":"tag-topstories","38":"tag-varlden","39":"tag-world","40":"tag-world-news","41":"tag-worldnews"},"share_on_mastodon":{"url":"","error":"Validation failed: Text character limit of 500 exceeded"},"_links":{"self":[{"href":"https:\/\/www.europesays.com\/se\/wp-json\/wp\/v2\/posts\/136531","targetHints":{"allow":["GET"]}}],"collection":[{"href":"https:\/\/www.europesays.com\/se\/wp-json\/wp\/v2\/posts"}],"about":[{"href":"https:\/\/www.europesays.com\/se\/wp-json\/wp\/v2\/types\/post"}],"author":[{"embeddable":true,"href":"https:\/\/www.europesays.com\/se\/wp-json\/wp\/v2\/users\/2"}],"replies":[{"embeddable":true,"href":"https:\/\/www.europesays.com\/se\/wp-json\/wp\/v2\/comments?post=136531"}],"version-history":[{"count":0,"href":"https:\/\/www.europesays.com\/se\/wp-json\/wp\/v2\/posts\/136531\/revisions"}],"wp:featuredmedia":[{"embeddable":true,"href":"https:\/\/www.europesays.com\/se\/wp-json\/wp\/v2\/media\/136532"}],"wp:attachment":[{"href":"https:\/\/www.europesays.com\/se\/wp-json\/wp\/v2\/media?parent=136531"}],"wp:term":[{"taxonomy":"category","embeddable":true,"href":"https:\/\/www.europesays.com\/se\/wp-json\/wp\/v2\/categories?post=136531"},{"taxonomy":"post_tag","embeddable":true,"href":"https:\/\/www.europesays.com\/se\/wp-json\/wp\/v2\/tags?post=136531"}],"curies":[{"name":"wp","href":"https:\/\/api.w.org\/{rel}","templated":true}]}}