{"id":136538,"date":"2026-01-15T05:33:08","date_gmt":"2026-01-15T05:33:08","guid":{"rendered":"https:\/\/www.europesays.com\/se\/136538\/"},"modified":"2026-01-15T05:33:08","modified_gmt":"2026-01-15T05:33:08","slug":"odestimma-for-europa-kvartal","status":"publish","type":"post","link":"https:\/\/www.europesays.com\/se\/136538\/","title":{"rendered":"\u00d6destimma f\u00f6r Europa \u2013 Kvartal"},"content":{"rendered":"<p class=\"text-[17px] sm:text-[18px] leading-[1.5] font-cambon text-text-default-tertiary\">Den 19 december samlades Europeiska unionens ledare i Bryssel f\u00f6r att diskutera fortsatt st\u00f6d till Ukraina. P\u00e5 bordet l\u00e5g den infekterade fr\u00e5gan om anv\u00e4ndning av frysta ryska tillg\u00e5ngar. Det f\u00f6rslag m\u00e5nga st\u00e4llde sig bakom var att dessa tillg\u00e5ngar skulle anv\u00e4ndas som s\u00e4kerhet f\u00f6r ett r\u00e4ntefritt l\u00e5n till Ukraina, ett l\u00e5n man inte skulle beh\u00f6va \u00e5terbetala f\u00f6rr\u00e4n Ryssland accepterat att betala krigsskadest\u00e5nd.<\/p>\n","protected":false},"excerpt":{"rendered":"Den 19 december samlades Europeiska unionens ledare i Bryssel f\u00f6r att diskutera fortsatt st\u00f6d till Ukraina. P\u00e5 bordet&hellip;\n","protected":false},"author":2,"featured_media":136539,"comment_status":"","ping_status":"","sticky":false,"template":"","format":"standard","meta":{"footnotes":""},"categories":[14],"tags":[22,23,13761,26,27,17,7453,21,3051,24,25,28,29,15,16,18,264,34,31,33,32,30,19,20,51,52,53,54],"class_list":{"0":"post-136538","1":"post","2":"type-post","3":"status-publish","4":"format-standard","5":"has-post-thumbnail","7":"category-varlden","8":"tag-breaking-news","9":"tag-breakingnews","10":"tag-europapolitik","11":"tag-featured-news","12":"tag-featurednews","13":"tag-headlines","14":"tag-historia","15":"tag-huvudnyheter","16":"tag-krig","17":"tag-latest-news","18":"tag-latestnews","19":"tag-main-news","20":"tag-mainnews","21":"tag-news","22":"tag-nyheter","23":"tag-rubriker","24":"tag-ryssland","25":"tag-se","26":"tag-svenska","27":"tag-sverige","28":"tag-sweden","29":"tag-swedish","30":"tag-top-stories","31":"tag-topstories","32":"tag-varlden","33":"tag-world","34":"tag-world-news","35":"tag-worldnews"},"share_on_mastodon":{"url":"https:\/\/pubeurope.com\/@se\/115897486731033907","error":""},"_links":{"self":[{"href":"https:\/\/www.europesays.com\/se\/wp-json\/wp\/v2\/posts\/136538","targetHints":{"allow":["GET"]}}],"collection":[{"href":"https:\/\/www.europesays.com\/se\/wp-json\/wp\/v2\/posts"}],"about":[{"href":"https:\/\/www.europesays.com\/se\/wp-json\/wp\/v2\/types\/post"}],"author":[{"embeddable":true,"href":"https:\/\/www.europesays.com\/se\/wp-json\/wp\/v2\/users\/2"}],"replies":[{"embeddable":true,"href":"https:\/\/www.europesays.com\/se\/wp-json\/wp\/v2\/comments?post=136538"}],"version-history":[{"count":0,"href":"https:\/\/www.europesays.com\/se\/wp-json\/wp\/v2\/posts\/136538\/revisions"}],"wp:featuredmedia":[{"embeddable":true,"href":"https:\/\/www.europesays.com\/se\/wp-json\/wp\/v2\/media\/136539"}],"wp:attachment":[{"href":"https:\/\/www.europesays.com\/se\/wp-json\/wp\/v2\/media?parent=136538"}],"wp:term":[{"taxonomy":"category","embeddable":true,"href":"https:\/\/www.europesays.com\/se\/wp-json\/wp\/v2\/categories?post=136538"},{"taxonomy":"post_tag","embeddable":true,"href":"https:\/\/www.europesays.com\/se\/wp-json\/wp\/v2\/tags?post=136538"}],"curies":[{"name":"wp","href":"https:\/\/api.w.org\/{rel}","templated":true}]}}