{"id":136541,"date":"2026-01-15T05:41:12","date_gmt":"2026-01-15T05:41:12","guid":{"rendered":"https:\/\/www.europesays.com\/se\/136541\/"},"modified":"2026-01-15T05:41:12","modified_gmt":"2026-01-15T05:41:12","slug":"ice-agent-skot-migrant-i-benet-efter-spad-attack","status":"publish","type":"post","link":"https:\/\/www.europesays.com\/se\/136541\/","title":{"rendered":"ICE-agent sk\u00f6t migrant i benet efter spad-attack"},"content":{"rendered":"<p class=\"boxtextgrotesk-root_baa6 hyperion-css-7pajle\">Uppdaterad 05.39 | Publicerad 04.32<\/p>\n<p>share-arrowDela<\/p>\n<p>unsaveSpara<\/p>\n<p>expand-left<\/p>\n<p>helsk\u00e4rm<img decoding=\"async\" class=\"image-asset hyperion-css-u06ts1\" data-test-tag=\"image-asset\" src=\"https:\/\/www.europesays.com\/se\/wp-content\/uploads\/2026\/01\/cb12cf48-0704-4914-8919-3c7414cb00dd.jpeg\"  alt=\"Ett stort p\u00e5drag efter att en ICE-agent skjutit en man i benet.\"  loading=\"eager\" fetchpriority=\"high\" style=\"aspect-ratio:1900 \/ 1267\"\/>Ett stort p\u00e5drag efter att en ICE-agent skjutit en man i benet. Foto: John Locher \/AP\/TT<\/p>\n<p class=\"hyperion-css-1shl3oz\" data-test-tag=\"lead-text\">En ICE-agent sk\u00f6t en person i benet efter att denne attackerat agenten med en spade under onsdagskv\u00e4llen, amerikansk tid, rapporterar amerikanska medier.<\/p>\n<p class=\"hyperion-css-1v9qo5x\">H\u00e4ndelsen intr\u00e4ffade i Minneapolis precis en vecka efter att en kvinna skjutits till d\u00f6ds av en ICE-agent i staden.<\/p>\n<p class=\"hyperion-css-1v9qo5x\">Enligt amerikanska myndigheter ska tv\u00e5 m\u00e4n ha g\u00e5tt till attack med spadar mot agenterna som gjorde ett ingripande i staden, skriver bland andra CBS. En av m\u00e4nnen sk\u00f6ts i benet och f\u00f6rdes senare till sjukhus.<\/p>\n<p class=\"hyperion-css-1v9qo5x\">D\u00f6dsskjutningen av 37-\u00e5riga Renee Good har v\u00e4ckt starka reaktioner \u00f6ver hela USA. I Minneapolis har demonstranter och polis drabbat samman och t\u00e5rgas har anv\u00e4nts. Kristi Noem, minister f\u00f6r inrikes s\u00e4kerhet, har mot den bakgrunden utlovat \u201dflera hundra\u201d ytterligare federala agenter f\u00f6r att s\u00e4kerst\u00e4lla ICE:s arbete.<\/p>\n","protected":false},"excerpt":{"rendered":"Uppdaterad 05.39 | Publicerad 04.32 share-arrowDela unsaveSpara expand-left helsk\u00e4rmEtt stort p\u00e5drag efter att en ICE-agent skjutit en man&hellip;\n","protected":false},"author":2,"featured_media":136542,"comment_status":"","ping_status":"","sticky":false,"template":"","format":"standard","meta":{"footnotes":""},"categories":[14],"tags":[22,23,26,27,17,21,24,25,28,29,15,16,18,34,31,33,32,30,19,20,51,52,53,54],"class_list":{"0":"post-136541","1":"post","2":"type-post","3":"status-publish","4":"format-standard","5":"has-post-thumbnail","7":"category-varlden","8":"tag-breaking-news","9":"tag-breakingnews","10":"tag-featured-news","11":"tag-featurednews","12":"tag-headlines","13":"tag-huvudnyheter","14":"tag-latest-news","15":"tag-latestnews","16":"tag-main-news","17":"tag-mainnews","18":"tag-news","19":"tag-nyheter","20":"tag-rubriker","21":"tag-se","22":"tag-svenska","23":"tag-sverige","24":"tag-sweden","25":"tag-swedish","26":"tag-top-stories","27":"tag-topstories","28":"tag-varlden","29":"tag-world","30":"tag-world-news","31":"tag-worldnews"},"share_on_mastodon":{"url":"https:\/\/pubeurope.com\/@se\/115897518175401411","error":""},"_links":{"self":[{"href":"https:\/\/www.europesays.com\/se\/wp-json\/wp\/v2\/posts\/136541","targetHints":{"allow":["GET"]}}],"collection":[{"href":"https:\/\/www.europesays.com\/se\/wp-json\/wp\/v2\/posts"}],"about":[{"href":"https:\/\/www.europesays.com\/se\/wp-json\/wp\/v2\/types\/post"}],"author":[{"embeddable":true,"href":"https:\/\/www.europesays.com\/se\/wp-json\/wp\/v2\/users\/2"}],"replies":[{"embeddable":true,"href":"https:\/\/www.europesays.com\/se\/wp-json\/wp\/v2\/comments?post=136541"}],"version-history":[{"count":0,"href":"https:\/\/www.europesays.com\/se\/wp-json\/wp\/v2\/posts\/136541\/revisions"}],"wp:featuredmedia":[{"embeddable":true,"href":"https:\/\/www.europesays.com\/se\/wp-json\/wp\/v2\/media\/136542"}],"wp:attachment":[{"href":"https:\/\/www.europesays.com\/se\/wp-json\/wp\/v2\/media?parent=136541"}],"wp:term":[{"taxonomy":"category","embeddable":true,"href":"https:\/\/www.europesays.com\/se\/wp-json\/wp\/v2\/categories?post=136541"},{"taxonomy":"post_tag","embeddable":true,"href":"https:\/\/www.europesays.com\/se\/wp-json\/wp\/v2\/tags?post=136541"}],"curies":[{"name":"wp","href":"https:\/\/api.w.org\/{rel}","templated":true}]}}