{"id":136545,"date":"2026-01-15T05:46:06","date_gmt":"2026-01-15T05:46:06","guid":{"rendered":"https:\/\/www.europesays.com\/se\/136545\/"},"modified":"2026-01-15T05:46:06","modified_gmt":"2026-01-15T05:46:06","slug":"carolas-nya-lyxiga-hus-i-stockholms-skargard","status":"publish","type":"post","link":"https:\/\/www.europesays.com\/se\/136545\/","title":{"rendered":"Carolas nya lyxiga hus i Stockholms sk\u00e4rg\u00e5rd"},"content":{"rendered":"<p>Publicerad 15 jan 2026 kl 06.30<\/p>\n<p>Efter dr\u00f6mhuset i Sk\u00e5ne:<\/p>\n<p>Carola har skaffat ett till lyxigt boende.<\/p>\n<p>\u201dFantastisk sj\u00f6utsikt och kv\u00e4llssol\u201d, skriver hon om huset i Stockholms sk\u00e4rg\u00e5rd.<\/p>\n<p><img   alt=\"\"\/><\/p>\n<p>Carola H\u00e4ggkvist.<\/p>\n<p>Foto: Karin T\u00f6rnblom\/TT<\/p>\n<p>\u00d6ppna bild i helsk\u00e4rm<\/p>\n<p>Nyligen ber\u00e4ttade artisten Carola H\u00e4ggkvist, 59, att hon efter flera \u00e5rs jakt hittat sitt dr\u00f6mhus i Sk\u00e5ne. D\u00e5 <a href=\"https:\/\/www.expressen.se\/noje\/carolas-lyxiga-oas-i-idyllen-prislappen\/\" rel=\"nofollow noopener\" target=\"_blank\">slog hon till p\u00e5 en g\u00e5rd<\/a> mellan \u00c4ngelholm och B\u00e5stad.\u00a0<\/p>\n<p>Nu skriver Carola p\u00e5 Instagram att hon skaffat ytterligare ett boende \u2013 den h\u00e4r g\u00e5ngen i Stockholmstrakten.<\/p>\n<p>Vanligtvis bor hon i Steninge Slottby utanf\u00f6r M\u00e4rsta men dottern Zoe ska plugga inne i Stockholm till h\u00f6sten och d\u00e4rf\u00f6r vill Carola komma n\u00e4rmare.<\/p>\n<p>Hon beskriver huset som \u201dv\u00e4ldigt trivsamt inv\u00e4ndigt\u201d och med fantastisk sj\u00f6utsikt.<\/p>\n<p>N\u00e4r det blir dags att flytta fr\u00e5n Steninge slottby t\u00e4nker Carola \u201dtroligen\u201d bo i det h\u00e4r huset, skriver hon.<\/p>\n<p>\u201dKan inte h\u00e5lla mig l\u00e4ngre\u201d<\/p>\n<p>P\u00e5 bilderna syns en mysig eldstad, egen uteplats vid vattnet och en elegant matsal.<\/p>\n<p>\u201dNu kan jag inte h\u00e5lla mig l\u00e4ngre om min lilla p\u00e4rla i sk\u00e4rg\u00e5rden, sydost om stan\u201d, skriver <a href=\"https:\/\/www.expressen.se\/tagg\/person\/carola-haggkvist\/\" class=\"\" rel=\"nofollow noopener\" target=\"_blank\">Carola H\u00e4ggkvist<\/a>.<\/p>\n<p><a href=\"https:\/\/www.instagram.com\/p\/DTbEIDeDKQa\/?img_index=1?hidecaption=true\" data-provider=\"instagram\" class=\"js-social-embed\" rel=\"nofollow noopener\" target=\"_blank\">https:\/\/www.instagram.com\/p\/DTbEIDeDKQa\/?img_index=1?hidecaption=true<\/a><script async src=\"\/\/www.instagram.com\/embed.js\"><\/script><\/p>\n","protected":false},"excerpt":{"rendered":"Publicerad 15 jan 2026 kl 06.30 Efter dr\u00f6mhuset i Sk\u00e5ne: Carola har skaffat ett till lyxigt boende. \u201dFantastisk&hellip;\n","protected":false},"author":2,"featured_media":136546,"comment_status":"","ping_status":"","sticky":false,"template":"","format":"standard","meta":{"footnotes":""},"categories":[67],"tags":[104,1042,2680,34,31,33,32,30,310,105],"class_list":{"0":"post-136545","1":"post","2":"type-post","3":"status-publish","4":"format-standard","5":"has-post-thumbnail","7":"category-underhallning","8":"tag-entertainment","9":"tag-location-stockholms-skargard","10":"tag-person-carola-haggkvist","11":"tag-se","12":"tag-svenska","13":"tag-sverige","14":"tag-sweden","15":"tag-swedish","16":"tag-topic-kandisar","17":"tag-underhallning"},"share_on_mastodon":{"url":"https:\/\/pubeurope.com\/@se\/115897537821305864","error":""},"_links":{"self":[{"href":"https:\/\/www.europesays.com\/se\/wp-json\/wp\/v2\/posts\/136545","targetHints":{"allow":["GET"]}}],"collection":[{"href":"https:\/\/www.europesays.com\/se\/wp-json\/wp\/v2\/posts"}],"about":[{"href":"https:\/\/www.europesays.com\/se\/wp-json\/wp\/v2\/types\/post"}],"author":[{"embeddable":true,"href":"https:\/\/www.europesays.com\/se\/wp-json\/wp\/v2\/users\/2"}],"replies":[{"embeddable":true,"href":"https:\/\/www.europesays.com\/se\/wp-json\/wp\/v2\/comments?post=136545"}],"version-history":[{"count":0,"href":"https:\/\/www.europesays.com\/se\/wp-json\/wp\/v2\/posts\/136545\/revisions"}],"wp:featuredmedia":[{"embeddable":true,"href":"https:\/\/www.europesays.com\/se\/wp-json\/wp\/v2\/media\/136546"}],"wp:attachment":[{"href":"https:\/\/www.europesays.com\/se\/wp-json\/wp\/v2\/media?parent=136545"}],"wp:term":[{"taxonomy":"category","embeddable":true,"href":"https:\/\/www.europesays.com\/se\/wp-json\/wp\/v2\/categories?post=136545"},{"taxonomy":"post_tag","embeddable":true,"href":"https:\/\/www.europesays.com\/se\/wp-json\/wp\/v2\/tags?post=136545"}],"curies":[{"name":"wp","href":"https:\/\/api.w.org\/{rel}","templated":true}]}}