{"id":136585,"date":"2026-01-15T06:38:06","date_gmt":"2026-01-15T06:38:06","guid":{"rendered":"https:\/\/www.europesays.com\/se\/136585\/"},"modified":"2026-01-15T06:38:06","modified_gmt":"2026-01-15T06:38:06","slug":"man-skjuten-i-minneapolis-nya-protester-mot-ice","status":"publish","type":"post","link":"https:\/\/www.europesays.com\/se\/136585\/","title":{"rendered":"Man skjuten i Minneapolis \u2013 nya protester mot ICE"},"content":{"rendered":"<p>Enligt amerikanska myndigheter ska tv\u00e5 m\u00e4n ha g\u00e5tt till attack med spadar mot agenterna som gjorde ett ingripande i staden, skriver CBS och andra medier. En av m\u00e4nnen sk\u00f6ts i benet och f\u00f6rdes efter\u00e5t till sjukhus.<\/p>\n<p>H\u00e4ndelsen intr\u00e4ffade precis en vecka efter det att 37-\u00e5riga Renee Good skjutits till d\u00f6ds av en ICE-agent i staden vilket v\u00e4ckt starka reaktioner \u00f6ver hela USA. I Minneapolis har demonstranter och polis drabbat samman och t\u00e5rgas har anv\u00e4nts. Kristi Noem, minister f\u00f6r inrikes s\u00e4kerhet, har mot den bakgrunden utlovat \u201dflera hundra\u201d ytterligare federala agenter f\u00f6r att s\u00e4kerst\u00e4lla ICE:s arbete.<\/p>\n<p>Natten till torsdag utbr\u00f6t \u00e5terigen demonstrationer efter den nya skjutningen. Enligt NBC News samlades \u201den ilsken skara\u201d i ett bostadsomr\u00e5de d\u00e4r poliser befann sig. Demonstranterna ska bland annat tillf\u00e4lligt ha blockerat en v\u00e4g och kastat sn\u00f6bollar mot poliserna, som svarat med distraktionsgranater. <\/p>\n","protected":false},"excerpt":{"rendered":"Enligt amerikanska myndigheter ska tv\u00e5 m\u00e4n ha g\u00e5tt till attack med spadar mot agenterna som gjorde ett ingripande&hellip;\n","protected":false},"author":2,"featured_media":136586,"comment_status":"","ping_status":"","sticky":false,"template":"","format":"standard","meta":{"footnotes":""},"categories":[14],"tags":[22,23,26,27,17,21,24,25,28,29,15,16,18,34,31,33,32,30,19,20,51,52,53,54],"class_list":{"0":"post-136585","1":"post","2":"type-post","3":"status-publish","4":"format-standard","5":"has-post-thumbnail","7":"category-varlden","8":"tag-breaking-news","9":"tag-breakingnews","10":"tag-featured-news","11":"tag-featurednews","12":"tag-headlines","13":"tag-huvudnyheter","14":"tag-latest-news","15":"tag-latestnews","16":"tag-main-news","17":"tag-mainnews","18":"tag-news","19":"tag-nyheter","20":"tag-rubriker","21":"tag-se","22":"tag-svenska","23":"tag-sverige","24":"tag-sweden","25":"tag-swedish","26":"tag-top-stories","27":"tag-topstories","28":"tag-varlden","29":"tag-world","30":"tag-world-news","31":"tag-worldnews"},"share_on_mastodon":{"url":"https:\/\/pubeurope.com\/@se\/115897742340266879","error":""},"_links":{"self":[{"href":"https:\/\/www.europesays.com\/se\/wp-json\/wp\/v2\/posts\/136585","targetHints":{"allow":["GET"]}}],"collection":[{"href":"https:\/\/www.europesays.com\/se\/wp-json\/wp\/v2\/posts"}],"about":[{"href":"https:\/\/www.europesays.com\/se\/wp-json\/wp\/v2\/types\/post"}],"author":[{"embeddable":true,"href":"https:\/\/www.europesays.com\/se\/wp-json\/wp\/v2\/users\/2"}],"replies":[{"embeddable":true,"href":"https:\/\/www.europesays.com\/se\/wp-json\/wp\/v2\/comments?post=136585"}],"version-history":[{"count":0,"href":"https:\/\/www.europesays.com\/se\/wp-json\/wp\/v2\/posts\/136585\/revisions"}],"wp:featuredmedia":[{"embeddable":true,"href":"https:\/\/www.europesays.com\/se\/wp-json\/wp\/v2\/media\/136586"}],"wp:attachment":[{"href":"https:\/\/www.europesays.com\/se\/wp-json\/wp\/v2\/media?parent=136585"}],"wp:term":[{"taxonomy":"category","embeddable":true,"href":"https:\/\/www.europesays.com\/se\/wp-json\/wp\/v2\/categories?post=136585"},{"taxonomy":"post_tag","embeddable":true,"href":"https:\/\/www.europesays.com\/se\/wp-json\/wp\/v2\/tags?post=136585"}],"curies":[{"name":"wp","href":"https:\/\/api.w.org\/{rel}","templated":true}]}}