{"id":136601,"date":"2026-01-15T06:56:20","date_gmt":"2026-01-15T06:56:20","guid":{"rendered":"https:\/\/www.europesays.com\/se\/136601\/"},"modified":"2026-01-15T06:56:20","modified_gmt":"2026-01-15T06:56:20","slug":"viktigaste-nyheterna-pa-tre-minuter-8","status":"publish","type":"post","link":"https:\/\/www.europesays.com\/se\/136601\/","title":{"rendered":"Viktigaste nyheterna p\u00e5 tre minuter"},"content":{"rendered":"<p>Iran har inga planer p\u00e5 avr\u00e4ttningar \u201di\u202fdag eller i\u202fmorgon\u201d, s\u00e4ger utrikesminister Abbas Araghchi till Fox News.<\/p>\n<p>\u2013 Jag \u00e4r s\u00e4ker p\u00e5 att inga h\u00e4ngningar planerats.<\/p>\n<p>Iran har tidigare lovat snabba r\u00e4tteg\u00e5ngar och avr\u00e4ttningar f\u00f6r dem som gripits under protesterna. USA:s president Donald Trump, som har varnat f\u00f6r vederg\u00e4llning om demonstranter avr\u00e4ttas, s\u00e4ger sig ha blivit f\u00f6rs\u00e4krad om att \u201dd\u00f6dandet slutat\u201d och att planer p\u00e5 h\u00e4ngningar styrts om.<\/p>\n<p>En federal ICE-agent har skjutit en man i benet i Minneapolis efter att denne f\u00f6rs\u00f6kt attackera agenten med en spade och en sopkvast. Myndigheter beskriver ICE-agentens reaktion som \u201df\u00f6rsvarsskott\u201d, d\u00e5 han attackerades av tv\u00e5 m\u00e4n n\u00e4r han skulle gripa en person som vistas i USA olovligen. <\/p>\n<p>Skottlossningen skedde precis en vecka efter att trebarnsmamman Renee Good sk\u00f6ts till d\u00f6ds av en ICE-agent i samma stad.<\/p>\n<p>Sveriges tidigare stats- och utrikesminister Carl Bildt h\u00f6rs i\u202fdag som vittne i r\u00e4tteg\u00e5ngen om Lundin Oil i Stockholms tingsr\u00e4tt. Bildt var styrelseledamot i bolaget mellan 2000 och 2006.<\/p>\n<p>De f\u00f6re detta Lundintopparna Ian Lundin och Alex Schneiter \u00e4r \u00e5talade f\u00f6r medhj\u00e4lp till grovt folkr\u00e4ttsbrott i Sudan mellan 1999 och 2003, d\u00e5 det r\u00e5dde inb\u00f6rdeskrig i landet. Syftet med Bildts vittnesm\u00e5l \u00e4r att bevisa att de hade vetskap om de krigsbrott som begicks i omr\u00e5det d\u00e4r Lundin Oil verkade.<\/p>\n<p>Kistan med hans mamma hade precis s\u00e4nkts ner under jorden n\u00e4r Alain Orsoni sk\u00f6ts till d\u00f6ds. <\/p>\n<p>F\u00f6r m\u00e5nga p\u00e5 Korsika \u00e4r han sj\u00e4lva ansiktet f\u00f6r \u00f6ns sj\u00e4lvst\u00e4ndighetskamp fr\u00e5n Frankrike. Men minnet av honom \u00e4r ocks\u00e5 v\u00e5ldsamt och mordet belyser hur \u00f6ns sj\u00e4lvst\u00e4ndighetskamp har sammanfl\u00e4tats med kriminalitet.<\/p>\n<p>Evolutionen ses ofta som en ytterst l\u00e5ngsam process, men tanken utmanas nu av ett g\u00e4ng sparvar som lever sina liv vid University of California (UCLA). F\u00e5glarna har funnits p\u00e5 campus i decennier. Till skillnad fr\u00e5n sl\u00e4ktingarna uppe i bergen har de utvecklat kortare och trubbigare n\u00e4bbar, b\u00e4ttre l\u00e4mpade f\u00f6r stadsliv och f\u00f6r m\u00e4nskliga rester. <\/p>\n<p>Nu har UCLA-forskare gjort en uppt\u00e4ckt: Efter tv\u00e5 \u00e5rs pandemi var n\u00e4bbarna \u00e5terigen l\u00e5nga \u2013 och n\u00e4r studenterna \u00e5terv\u00e4nde krympte de snabbt igen. \u201dDet var anm\u00e4rkningsv\u00e4rt hur tydlig f\u00f6r\u00e4ndringen var\u201d, s\u00e4ger en av forskarna till <a target=\"_blank\" rel=\"noreferrer nofollow noopener\" href=\"https:\/\/edition.cnn.com\/2026\/01\/12\/science\/junco-beak-evolution-pandemic\" class=\"Text_externalLink__zdh8y\">CNN<\/a>.<\/p>\n<p>Omni \u00e4r politiskt obundna och oberoende. Vi str\u00e4var efter att ge fler perspektiv p\u00e5 nyheterna. Har du fr\u00e5gor eller synpunkter kring v\u00e5r rapportering? <a href=\"https:\/\/omni.se\/viktigaste-nyheterna-pa-tre-minuter\/a\/mailto:redaktion@omni.se\" class=\"ArticleActions_contactLink__W2F1M\" rel=\"nofollow noopener\" target=\"_blank\">Kontakta redaktionen<\/a><\/p>\n","protected":false},"excerpt":{"rendered":"Iran har inga planer p\u00e5 avr\u00e4ttningar \u201di\u202fdag eller i\u202fmorgon\u201d, s\u00e4ger utrikesminister Abbas Araghchi till Fox News. \u2013 Jag&hellip;\n","protected":false},"author":2,"featured_media":136602,"comment_status":"","ping_status":"","sticky":false,"template":"","format":"standard","meta":{"footnotes":""},"categories":[5],"tags":[22,23,26,27,17,21,24,25,28,29,700,15,16,18,34,31,33,32,30,19,20],"class_list":{"0":"post-136601","1":"post","2":"type-post","3":"status-publish","4":"format-standard","5":"has-post-thumbnail","7":"category-rubriker","8":"tag-breaking-news","9":"tag-breakingnews","10":"tag-featured-news","11":"tag-featurednews","12":"tag-headlines","13":"tag-huvudnyheter","14":"tag-latest-news","15":"tag-latestnews","16":"tag-main-news","17":"tag-mainnews","18":"tag-morgonsvepet","19":"tag-news","20":"tag-nyheter","21":"tag-rubriker","22":"tag-se","23":"tag-svenska","24":"tag-sverige","25":"tag-sweden","26":"tag-swedish","27":"tag-top-stories","28":"tag-topstories"},"share_on_mastodon":{"url":"https:\/\/pubeurope.com\/@se\/115897813074743777","error":""},"_links":{"self":[{"href":"https:\/\/www.europesays.com\/se\/wp-json\/wp\/v2\/posts\/136601","targetHints":{"allow":["GET"]}}],"collection":[{"href":"https:\/\/www.europesays.com\/se\/wp-json\/wp\/v2\/posts"}],"about":[{"href":"https:\/\/www.europesays.com\/se\/wp-json\/wp\/v2\/types\/post"}],"author":[{"embeddable":true,"href":"https:\/\/www.europesays.com\/se\/wp-json\/wp\/v2\/users\/2"}],"replies":[{"embeddable":true,"href":"https:\/\/www.europesays.com\/se\/wp-json\/wp\/v2\/comments?post=136601"}],"version-history":[{"count":0,"href":"https:\/\/www.europesays.com\/se\/wp-json\/wp\/v2\/posts\/136601\/revisions"}],"wp:featuredmedia":[{"embeddable":true,"href":"https:\/\/www.europesays.com\/se\/wp-json\/wp\/v2\/media\/136602"}],"wp:attachment":[{"href":"https:\/\/www.europesays.com\/se\/wp-json\/wp\/v2\/media?parent=136601"}],"wp:term":[{"taxonomy":"category","embeddable":true,"href":"https:\/\/www.europesays.com\/se\/wp-json\/wp\/v2\/categories?post=136601"},{"taxonomy":"post_tag","embeddable":true,"href":"https:\/\/www.europesays.com\/se\/wp-json\/wp\/v2\/tags?post=136601"}],"curies":[{"name":"wp","href":"https:\/\/api.w.org\/{rel}","templated":true}]}}