{"id":136610,"date":"2026-01-15T07:04:09","date_gmt":"2026-01-15T07:04:09","guid":{"rendered":"https:\/\/www.europesays.com\/se\/136610\/"},"modified":"2026-01-15T07:04:09","modified_gmt":"2026-01-15T07:04:09","slug":"pa-gransen-till-farligt-att-dodforklara-nato-svd","status":"publish","type":"post","link":"https:\/\/www.europesays.com\/se\/136610\/","title":{"rendered":"\u201dP\u00e5 gr\u00e4nsen till farligt att d\u00f6df\u00f6rklara Nato\u201d &#8211; SvD"},"content":{"rendered":"<ol>\n<li><a href=\"https:\/\/news.google.com\/rss\/articles\/CBMimwFBVV95cUxOdndQWE5FRGVrbDJzQ0g0R2hROGdMLVJwX1B5czRzbmJIQ0w4X3hxNDlsQlhpN0tocDU2emxsVnMwUE43SDJaSFFUZWVHcFNJclpVeVk3ek40aDVFNnpOWHRvQjgwV3Q5RW5renhaTkttYUpHV2UwMV9uNlQyMWllWFVKZUtBNHNRa2U3WGk1QS1adGpVRlN1My1nYw?oc=5\" target=\"_blank\" rel=\"nofollow noopener\">\u201dP\u00e5 gr\u00e4nsen till farligt att d\u00f6df\u00f6rklara Nato\u201d<\/a>&nbsp;&nbsp;SvD<\/li>\n<li><a href=\"https:\/\/news.google.com\/rss\/articles\/CBMijgFBVV95cUxQb1FWYV9xYzRnN1RGY25xeVhlanRORGRrd3pLZlJ4QkY2Z1l5ODJwMmRzb19ZYjZ6eHk2dUZic1JLNkNpdGdLNEVKVzRjQ3hoeWVkb0hQVUpkNnRJZm5EZms4UkJZMENocjlIQlIya2lGX3VwdExDSjNkbFB1Nm51Z0hMT2pmX1p3MlVPaWxB?oc=5\" target=\"_blank\" rel=\"nofollow noopener\">\u00d6B: Gr\u00f6nlandsbr\u00e5ket en svaghet Putin kan utnyttja<\/a>&nbsp;&nbsp;Aftonbladet<\/li>\n<li><a href=\"https:\/\/news.google.com\/rss\/articles\/CBMitAFBVV95cUxQZVZmTHdxWUhNYlRsY0tKRWlsNW5wdm9fVE5RZF9FM09qQk5yaWgyYVY0S1ZHdGJHMWhzZllUanlYUFhuX0dvcy1MMzZkNzIyU1MwWkNsWG9qeFlaNTZLTnlWZFcwdmJSdEJxZkxSUnlZRHhBLU9aZ1BmdTVWbE0tWk5qb3J2UFo3SXFSUUZ6Tzh4Wml2eEJtVUMwTjV0OGZYWnZQa0h3eU5MVG9LSWNyTWRZZmU?oc=5\" target=\"_blank\" rel=\"nofollow noopener\">Must: Ryssland kan vara redo att attackera Nato ett \u00e5r efter krigsslut i Ukraina<\/a>&nbsp;&nbsp;SVT Nyheter<\/li>\n<li><a href=\"https:\/\/news.google.com\/rss\/articles\/CBMipgFBVV95cUxOSHVfUzYxcXZzcEJiaWpjUTc0bVZMLTNpYkNHWnJJXzBYdEktM0szeTEydFZXUVZFTUpyeThjc2pnd2h0OWZzVzRMbmhua2Z4ejB1bUV4Uk5oN19Kbk0xTFZlMTZoZHF4SjlPdVA4bWZYSFptZEZ1dEZ3R3RTRkcyWjBwWTM0TlhIYWIzM2lvd0dHa0k5V044Z1BfOWFqai1YTGhBcmhB?oc=5\" target=\"_blank\" rel=\"nofollow noopener\">LEDARE: Lyssna p\u00e5 \u00d6B:s varning om att Ryssland kan angripa sk\u00e4rg\u00e5rds\u00f6ar<\/a>&nbsp;&nbsp;Norrtelje Tidning<\/li>\n<li><a href=\"https:\/\/news.google.com\/rss\/articles\/CBMi8wFBVV95cUxNNTFqU3lHbElfU2swTEM2aXk2bGZCZFB3dTlXN2MxVVI4U1Q2dUxKcU5qaHFodjJYTjNIVzNfSTBfbUlHUkwtRldUbUVEQzRGeHdUck0wYWk3RHFmV0F3TG9wZ0o4WGoyODhvbjE3dXRmU2VEQmJid0lxVHVYTHU5VkVoSHotbVdGazlUNmhkM2xJZXo3MHBmWHpQcEphWlAxR3pwNzFicGpHWjJLQjd4R1FfME81akRYOHQxeWRwazMwUU5DYVF5ZldkUElpTGFFQkd4UElUSk5IdzNlZnJGYjhDUUp6N1FEd0ZadlhkelJnSVk?oc=5\" target=\"_blank\" rel=\"nofollow noopener\">\u00d6B: Kreml kan testa Nato i svenska sk\u00e4rg\u00e5rden<\/a>&nbsp;&nbsp;MSN<\/li>\n<\/ol>\n","protected":false},"excerpt":{"rendered":"\u201dP\u00e5 gr\u00e4nsen till farligt att d\u00f6df\u00f6rklara Nato\u201d&nbsp;&nbsp;SvD \u00d6B: Gr\u00f6nlandsbr\u00e5ket en svaghet Putin kan utnyttja&nbsp;&nbsp;Aftonbladet Must: Ryssland kan vara&hellip;\n","protected":false},"author":2,"featured_media":136611,"comment_status":"","ping_status":"","sticky":false,"template":"","format":"standard","meta":{"footnotes":""},"categories":[5],"tags":[22,23,26,27,17,21,24,25,28,29,15,16,18,34,31,33,32,30,19,20],"class_list":{"0":"post-136610","1":"post","2":"type-post","3":"status-publish","4":"format-standard","5":"has-post-thumbnail","7":"category-rubriker","8":"tag-breaking-news","9":"tag-breakingnews","10":"tag-featured-news","11":"tag-featurednews","12":"tag-headlines","13":"tag-huvudnyheter","14":"tag-latest-news","15":"tag-latestnews","16":"tag-main-news","17":"tag-mainnews","18":"tag-news","19":"tag-nyheter","20":"tag-rubriker","21":"tag-se","22":"tag-svenska","23":"tag-sverige","24":"tag-sweden","25":"tag-swedish","26":"tag-top-stories","27":"tag-topstories"},"share_on_mastodon":{"url":"https:\/\/pubeurope.com\/@se\/115897844564169305","error":""},"_links":{"self":[{"href":"https:\/\/www.europesays.com\/se\/wp-json\/wp\/v2\/posts\/136610","targetHints":{"allow":["GET"]}}],"collection":[{"href":"https:\/\/www.europesays.com\/se\/wp-json\/wp\/v2\/posts"}],"about":[{"href":"https:\/\/www.europesays.com\/se\/wp-json\/wp\/v2\/types\/post"}],"author":[{"embeddable":true,"href":"https:\/\/www.europesays.com\/se\/wp-json\/wp\/v2\/users\/2"}],"replies":[{"embeddable":true,"href":"https:\/\/www.europesays.com\/se\/wp-json\/wp\/v2\/comments?post=136610"}],"version-history":[{"count":0,"href":"https:\/\/www.europesays.com\/se\/wp-json\/wp\/v2\/posts\/136610\/revisions"}],"wp:featuredmedia":[{"embeddable":true,"href":"https:\/\/www.europesays.com\/se\/wp-json\/wp\/v2\/media\/136611"}],"wp:attachment":[{"href":"https:\/\/www.europesays.com\/se\/wp-json\/wp\/v2\/media?parent=136610"}],"wp:term":[{"taxonomy":"category","embeddable":true,"href":"https:\/\/www.europesays.com\/se\/wp-json\/wp\/v2\/categories?post=136610"},{"taxonomy":"post_tag","embeddable":true,"href":"https:\/\/www.europesays.com\/se\/wp-json\/wp\/v2\/tags?post=136610"}],"curies":[{"name":"wp","href":"https:\/\/api.w.org\/{rel}","templated":true}]}}