{"id":136613,"date":"2026-01-15T07:12:07","date_gmt":"2026-01-15T07:12:07","guid":{"rendered":"https:\/\/www.europesays.com\/se\/136613\/"},"modified":"2026-01-15T07:12:07","modified_gmt":"2026-01-15T07:12:07","slug":"kvinna-dod-efter-lagenhetsbrand-i-tollarp","status":"publish","type":"post","link":"https:\/\/www.europesays.com\/se\/136613\/","title":{"rendered":"Kvinna d\u00f6d efter l\u00e4genhetsbrand i Tollarp"},"content":{"rendered":"<p>N\u00e4r polis, r\u00e4ddningstj\u00e4nst och ambulans kom fram antr\u00e4ffade de en avliden kvinna.<\/p>\n<p>\u2013 Vi har h\u00e5llit f\u00f6rh\u00f6r med grannar. Tekniker kommer \u00e4ven att g\u00f6ra en unders\u00f6kning i l\u00e4genheten, s\u00e4ger Evelina Olsson, polisens presstalesperson.<\/p>\n<p>Anh\u00f6riga \u00e4r underr\u00e4ttade.<\/p>\n<p>Vad som orsakat branden \u00e4r oklart. Polisen har uppr\u00e4ttat en anm\u00e4lan om allm\u00e4nfarlig v\u00e5rdsl\u00f6shet.<\/p>\n","protected":false},"excerpt":{"rendered":"N\u00e4r polis, r\u00e4ddningstj\u00e4nst och ambulans kom fram antr\u00e4ffade de en avliden kvinna. \u2013 Vi har h\u00e5llit f\u00f6rh\u00f6r med&hellip;\n","protected":false},"author":2,"featured_media":793,"comment_status":"","ping_status":"","sticky":false,"template":"","format":"standard","meta":{"footnotes":""},"categories":[5],"tags":[22,23,26,27,17,21,24,25,28,29,15,16,18,34,31,33,32,30,19,20],"class_list":{"0":"post-136613","1":"post","2":"type-post","3":"status-publish","4":"format-standard","5":"has-post-thumbnail","7":"category-rubriker","8":"tag-breaking-news","9":"tag-breakingnews","10":"tag-featured-news","11":"tag-featurednews","12":"tag-headlines","13":"tag-huvudnyheter","14":"tag-latest-news","15":"tag-latestnews","16":"tag-main-news","17":"tag-mainnews","18":"tag-news","19":"tag-nyheter","20":"tag-rubriker","21":"tag-se","22":"tag-svenska","23":"tag-sverige","24":"tag-sweden","25":"tag-swedish","26":"tag-top-stories","27":"tag-topstories"},"share_on_mastodon":{"url":"https:\/\/pubeurope.com\/@se\/115897876028770570","error":""},"_links":{"self":[{"href":"https:\/\/www.europesays.com\/se\/wp-json\/wp\/v2\/posts\/136613","targetHints":{"allow":["GET"]}}],"collection":[{"href":"https:\/\/www.europesays.com\/se\/wp-json\/wp\/v2\/posts"}],"about":[{"href":"https:\/\/www.europesays.com\/se\/wp-json\/wp\/v2\/types\/post"}],"author":[{"embeddable":true,"href":"https:\/\/www.europesays.com\/se\/wp-json\/wp\/v2\/users\/2"}],"replies":[{"embeddable":true,"href":"https:\/\/www.europesays.com\/se\/wp-json\/wp\/v2\/comments?post=136613"}],"version-history":[{"count":0,"href":"https:\/\/www.europesays.com\/se\/wp-json\/wp\/v2\/posts\/136613\/revisions"}],"wp:featuredmedia":[{"embeddable":true,"href":"https:\/\/www.europesays.com\/se\/wp-json\/wp\/v2\/media\/793"}],"wp:attachment":[{"href":"https:\/\/www.europesays.com\/se\/wp-json\/wp\/v2\/media?parent=136613"}],"wp:term":[{"taxonomy":"category","embeddable":true,"href":"https:\/\/www.europesays.com\/se\/wp-json\/wp\/v2\/categories?post=136613"},{"taxonomy":"post_tag","embeddable":true,"href":"https:\/\/www.europesays.com\/se\/wp-json\/wp\/v2\/tags?post=136613"}],"curies":[{"name":"wp","href":"https:\/\/api.w.org\/{rel}","templated":true}]}}