{"id":136614,"date":"2026-01-15T07:13:07","date_gmt":"2026-01-15T07:13:07","guid":{"rendered":"https:\/\/www.europesays.com\/se\/136614\/"},"modified":"2026-01-15T07:13:07","modified_gmt":"2026-01-15T07:13:07","slug":"ge-fler-aldre-ett-starkare-skydd-mot-influensa-boras-tidning","status":"publish","type":"post","link":"https:\/\/www.europesays.com\/se\/136614\/","title":{"rendered":"Ge fler \u00e4ldre ett starkare skydd mot influensa \u2013 Bor\u00e5s Tidning"},"content":{"rendered":"<p>Att forts\u00e4tta h\u00e5lla en h\u00f6g vaccinationst\u00e4ckning i kombination med ett f\u00f6rst\u00e4rkt skydd \u00e4r avg\u00f6rande f\u00f6r att skydda b\u00e5de personer 65+ och samh\u00e4lle mot en av vinterns mest drabbande sjukdomar, anser Niklas Arnberg, Maria Larsson och \u00c5sa Lindestam.<\/p>\n<p>Detta \u00e4r en opinionstext i Bor\u00e5s Tidning.\u00c5sikter som uttrycks \u00e4r skribentens egna.<\/p>\n<p><img loading=\"lazy\" decoding=\"async\" width=\"980\" height=\"551\" class=\"article-image article-image--featured\" alt=\"I Danmark erbjuds sedan flera \u00e5r ett f\u00f6rst\u00e4rkt influensavaccin till alla \u00e4ldre och riskgrupper. Sverige b\u00f6r f\u00f6lja efter, anser skribenterna.\" src=\"https:\/\/www.europesays.com\/se\/wp-content\/uploads\/2026\/01\/b39be78b-95e1-41f8-8ca4-e3f8d2ac3581.jpeg\"  \/><a class=\"article__lightbox-link\" href=\"https:\/\/static.bonniernews.se\/ba\/b39be78b-95e1-41f8-8ca4-e3f8d2ac3581.jpeg?crop=5568%2C3132%2Cx0%2Cy290&amp;width=1400&amp;format=pjpg&amp;auto=avif\" data-pswp-width=\"1400\" data-pswp-height=\"788\" data-pswp-caption=\"I Danmark erbjuds sedan flera \u00e5r ett f\u00f6rst\u00e4rkt influensavaccin till alla \u00e4ldre och riskgrupper. Sverige b\u00f6r f\u00f6lja efter, anser skribenterna. Bild: Fredrik Sandberg\/TT\" data-pswp- rel=\"nofollow noopener\" target=\"_blank\">\u00d6ppna bild i helsk\u00e4rmsl\u00e4ge<\/a><\/p>\n<p class=\"txt-style-muted\" aria-hidden=\"true\">I Danmark erbjuds sedan flera \u00e5r ett f\u00f6rst\u00e4rkt influensavaccin till alla \u00e4ldre och riskgrupper. Sverige b\u00f6r f\u00f6lja efter, anser skribenterna.<\/p>\n<p class=\"article__figcaption-attribution txt-style-muted\">Bild: Fredrik Sandberg\/TT<\/p>\n<p>Varje \u00e5r drabbas tiotusentals \u00e4ldre i Sverige av influensa, som kan leda till allvarlig sjukdom eller sjukhusvistelse. F\u00f6r personer med hj\u00e4rt-, lung- eller andra kroniska sjukdomar kan infektionen f\u00e5 livshotande f\u00f6ljder. D\u00e4rf\u00f6r rekommenderar Folkh\u00e4lsomyndigheten att alla \u00f6ver 65 \u00e5r samt personer i medicinska riskgrupper vaccinerar sig mot influensa varje \u00e5r.<\/p>\n<p>Under s\u00e4songen 2024\u20132025 vaccinerades 74 procent av m\u00e5lgruppen i V\u00e4stra G\u00f6talandsregionen. Det placerar regionen bland de b\u00e4sta i landet och n\u00e4ra det m\u00e5l som V\u00e4rldsh\u00e4lsoorganisationen (WHO) satt upp \u2013 att minst 75 procent av \u00e4ldre och riskgrupper b\u00f6r vaccineras. En h\u00f6g vaccinationst\u00e4ckning ger ett starkare skydd mot sv\u00e5r sjukdom, minskar v\u00e5rdbes\u00f6k och f\u00f6rebygger on\u00f6diga d\u00f6dsfall.<\/p>\n<p aria-disabled=\"true\" class=\"ad__preamble ad-text txt-style-muted txt-ui txt-ui--strong txt-ui-2\">Annons<\/p>\n<p>I Danmark erbjuds sedan flera \u00e5r ett f\u00f6rst\u00e4rkt influensavaccin till alla \u00e4ldre och riskgrupper. Flunity-HD, den st\u00f6rsta studien hittills kring f\u00f6rst\u00e4rkt influensavaccin, som bland annat inkluderar resultat fr\u00e5n den omfattande danska DanFlu-studien, har visat att f\u00f6rst\u00e4rkt influensavaccin ger ett b\u00e4ttre skydd mot sjukhusinl\u00e4ggning hos \u00e4ldre \u00e4n standarddosvaccin. <\/p>\n<p aria-disabled=\"true\" class=\"ad__preamble ad-text txt-style-muted txt-ui txt-ui--strong txt-ui-2\">Annons<\/p>\n<p>I Sverige anv\u00e4nds f\u00f6rst\u00e4rkta vacciner fr\u00e4mst inom s\u00e4rskilda boenden f\u00f6r \u00e4ldre (S\u00e4bo), och tillg\u00e5ngen varierar mellan regionerna. \u00c4ldre i regionen f\u00f6rtj\u00e4nar ett fullgott skydd och m\u00f6jlighet att leva i god h\u00e4lsa efter 65 \u00e5r. D\u00e4rf\u00f6r \u00e4r det angel\u00e4get att f\u00f6lja v\u00e5rt grannlands exempel och s\u00e4kerst\u00e4lla att f\u00f6rst\u00e4rkt vaccin blir tillg\u00e4ngligt f\u00f6r alla \u00e4ldre.<\/p>\n<blockquote class=\"article__blockquote\">\n<p class=\"article__blockquote-text txt-headline txt-headline-3\">N\u00e4r fler vaccinerar sig minskar \u00e4ven risken f\u00f6r smittspridning i samh\u00e4llet, vilket skyddar b\u00e5de de mest utsatta och v\u00e5rdpersonalen.<\/p>\n<\/blockquote>\n<p>F\u00f6r individen kan vaccinationen vara skillnaden mellan en lindrig infektion och en livshotande komplikation. Samtidigt bidrar den till att minska belastningen p\u00e5 v\u00e5rden under vinterm\u00e5naderna, d\u00e5 resurserna ofta \u00e4r som mest anstr\u00e4ngda. N\u00e4r fler vaccinerar sig minskar \u00e4ven risken f\u00f6r smittspridning i samh\u00e4llet, vilket skyddar b\u00e5de de mest utsatta och v\u00e5rdpersonalen.<\/p>\n<p>Tillg\u00e4nglighet, tydlig information och lokal samverkan \u00e4r viktiga f\u00f6ruts\u00e4ttningar f\u00f6r att n\u00e5 h\u00f6g vaccinationst\u00e4ckning i regionerna. N\u00e4r v\u00e5rden \u00e4r l\u00e4tt att n\u00e5 och budskapet tydligt \u00f6kar viljan att vaccinera sig \u2013 s\u00e4rskilt bland \u00e4ldre och personer i riskgrupper.<\/p>\n<p aria-disabled=\"true\" class=\"ad__preamble ad-text txt-style-muted txt-ui txt-ui--strong txt-ui-2\">Annons<\/p>\n<p>F\u00f6rebyggande folkh\u00e4lsoarbete ger resultat. Att forts\u00e4tta h\u00e5lla en h\u00f6g vaccinationst\u00e4ckning i kombination med ett f\u00f6rst\u00e4rkt skydd \u00e4r avg\u00f6rande f\u00f6r att skydda b\u00e5de personer 65+ och samh\u00e4lle mot en av vinterns mest drabbande sjukdomar. Vi hoppas att V\u00e4stra G\u00f6talandsregionen prioriterar insatser och beslut som st\u00e4rker den h\u00e4r gruppens h\u00e4lsa.<\/p>\n<p><strong>Niklas Arnberg, <\/strong>professor i virologi, Ume\u00e5 universitet\u00a0och generalsekreterare, Virus- och pandemifonden<\/p>\n<p><strong>Maria Larsson,<\/strong> f\u00f6rbundsordf\u00f6rande, SPF Seniorerna<\/p>\n<p><strong>\u00c5sa Lindestam,<\/strong> ordf\u00f6rande, Pension\u00e4rernas riksorganisation<\/p>\n","protected":false},"excerpt":{"rendered":"Att forts\u00e4tta h\u00e5lla en h\u00f6g vaccinationst\u00e4ckning i kombination med ett f\u00f6rst\u00e4rkt skydd \u00e4r avg\u00f6rande f\u00f6r att skydda b\u00e5de&hellip;\n","protected":false},"author":2,"featured_media":136615,"comment_status":"","ping_status":"","sticky":false,"template":"","format":"standard","meta":{"footnotes":""},"categories":[69],"tags":[113,112,34,31,33,32,30],"class_list":{"0":"post-136614","1":"post","2":"type-post","3":"status-publish","4":"format-standard","5":"has-post-thumbnail","7":"category-halsa","8":"tag-halsa","9":"tag-health","10":"tag-se","11":"tag-svenska","12":"tag-sverige","13":"tag-sweden","14":"tag-swedish"},"share_on_mastodon":{"url":"https:\/\/pubeurope.com\/@se\/115897879913286645","error":""},"_links":{"self":[{"href":"https:\/\/www.europesays.com\/se\/wp-json\/wp\/v2\/posts\/136614","targetHints":{"allow":["GET"]}}],"collection":[{"href":"https:\/\/www.europesays.com\/se\/wp-json\/wp\/v2\/posts"}],"about":[{"href":"https:\/\/www.europesays.com\/se\/wp-json\/wp\/v2\/types\/post"}],"author":[{"embeddable":true,"href":"https:\/\/www.europesays.com\/se\/wp-json\/wp\/v2\/users\/2"}],"replies":[{"embeddable":true,"href":"https:\/\/www.europesays.com\/se\/wp-json\/wp\/v2\/comments?post=136614"}],"version-history":[{"count":0,"href":"https:\/\/www.europesays.com\/se\/wp-json\/wp\/v2\/posts\/136614\/revisions"}],"wp:featuredmedia":[{"embeddable":true,"href":"https:\/\/www.europesays.com\/se\/wp-json\/wp\/v2\/media\/136615"}],"wp:attachment":[{"href":"https:\/\/www.europesays.com\/se\/wp-json\/wp\/v2\/media?parent=136614"}],"wp:term":[{"taxonomy":"category","embeddable":true,"href":"https:\/\/www.europesays.com\/se\/wp-json\/wp\/v2\/categories?post=136614"},{"taxonomy":"post_tag","embeddable":true,"href":"https:\/\/www.europesays.com\/se\/wp-json\/wp\/v2\/tags?post=136614"}],"curies":[{"name":"wp","href":"https:\/\/api.w.org\/{rel}","templated":true}]}}