{"id":136617,"date":"2026-01-15T07:22:06","date_gmt":"2026-01-15T07:22:06","guid":{"rendered":"https:\/\/www.europesays.com\/se\/136617\/"},"modified":"2026-01-15T07:22:06","modified_gmt":"2026-01-15T07:22:06","slug":"digital-narvaro-som-raddar-och-stottar","status":"publish","type":"post","link":"https:\/\/www.europesays.com\/se\/136617\/","title":{"rendered":"Digital n\u00e4rvaro som r\u00e4ddar och st\u00f6ttar"},"content":{"rendered":"<p class=\"preamble\">&#13;<br \/>\n            156 inkomna chattar p\u00e5 tv\u00e5 m\u00e5nader har lett till b\u00e5de ingripanden, st\u00f6dinsatser och viktiga trafiktips. Ett enkelt meddelande kan bli f\u00f6rsta steget mot hj\u00e4lp.&#13;\n        <\/p>\n<p>\u2013 Vi har nu haft m\u00f6jligheten att chatta med polisen \u00f6ppen i tv\u00e5 m\u00e5nader och fl\u00f6det av inkomna chattar har minst sagt varierat fr\u00e5n fullt upp till tyst i flera dagar, s\u00e4ger Madeleine Forsberg, digital omr\u00e5despolis i polisomr\u00e5de J\u00e4mtland.<\/p>\n<p>De digitala omr\u00e5despoliserna anv\u00e4nder sig av det vi kallar f\u00f6r S\u00e4ker chatt. Den skiljer sig fr\u00e5n en \u201dvanlig\u201d chatt p\u00e5 s\u00e5 s\u00e4tt att den \u00e4r krypterad.<\/p>\n<p>\u2013 Med s\u00e4ker chatt kan vi s\u00e4kerst\u00e4lla att ingen obeh\u00f6rig kan ta del av det personen skriver samtidigt som all lagring och hantering av uppgifter sker p\u00e5 ett tryggt och tillf\u00f6rlitligt s\u00e4tt, s\u00e4ger Madeleine Forsberg.<\/p>\n<p>Polisen har p\u00e5 tv\u00e5 m\u00e5nader f\u00e5tt in 156 meddelanden i chattarna och de har bland annat lett till:<\/p>\n<ul>\n<li>En ung individ som inte hade ber\u00e4ttat n\u00e5got f\u00f6r n\u00e5gon tidigare v\u00e5gade skriva i chattarna s\u00e5 att polis kunde m\u00f6ta upp och prata om en utsatt situation vilket ledde till en polisanm\u00e4lan<\/li>\n<li>En man som k\u00e4nde sig i ett hj\u00e4lpl\u00f6st tillst\u00e5nd h\u00f6rde av sig i chatten och det slutade med att polis \u00e5kte till mannen som fick det st\u00f6d som beh\u00f6vdes f\u00f6r stunde<\/li>\n<li>45 trafiktips som har f\u00f6ljts upp av olika verksamhetsomr\u00e5den i yttre tj\u00e4nst.<\/li>\n<\/ul>\n<p>\u2013 Genom att vara aktiva i v\u00e5ra sociala medier bygger vi relationer, skapar trygghet och kan f\u00f6rhoppningsvis f\u00f6rebygga brott, s\u00e4ger Madeleine Forsberg.<\/p>\n<p>&#13;<br \/>\n                    <strong>&#13;<br \/>\n                        Publicerad&#13;<br \/>\n                    <\/strong>&#13;<br \/>\n                    &#13;<br \/>\n                        15 januari 2026 08.00&#13;<br \/>\n                    &#13;<br \/>\n                    <br \/>&#13;\n            <\/p>\n<p>        &#13;<br \/>\n    &#13;<br \/>\n    &#13;<\/p>\n","protected":false},"excerpt":{"rendered":"&#13; 156 inkomna chattar p\u00e5 tv\u00e5 m\u00e5nader har lett till b\u00e5de ingripanden, st\u00f6dinsatser och viktiga trafiktips. Ett enkelt&hellip;\n","protected":false},"author":2,"featured_media":54,"comment_status":"","ping_status":"","sticky":false,"template":"","format":"standard","meta":{"footnotes":""},"categories":[12],"tags":[22,23,26,27,17,21,24,25,28,29,15,16,18,34,31,33,32,30,19,20],"class_list":{"0":"post-136617","1":"post","2":"type-post","3":"status-publish","4":"format-standard","5":"has-post-thumbnail","7":"category-sverige","8":"tag-breaking-news","9":"tag-breakingnews","10":"tag-featured-news","11":"tag-featurednews","12":"tag-headlines","13":"tag-huvudnyheter","14":"tag-latest-news","15":"tag-latestnews","16":"tag-main-news","17":"tag-mainnews","18":"tag-news","19":"tag-nyheter","20":"tag-rubriker","21":"tag-se","22":"tag-svenska","23":"tag-sverige","24":"tag-sweden","25":"tag-swedish","26":"tag-top-stories","27":"tag-topstories"},"share_on_mastodon":{"url":"https:\/\/pubeurope.com\/@se\/115897915399133601","error":""},"_links":{"self":[{"href":"https:\/\/www.europesays.com\/se\/wp-json\/wp\/v2\/posts\/136617","targetHints":{"allow":["GET"]}}],"collection":[{"href":"https:\/\/www.europesays.com\/se\/wp-json\/wp\/v2\/posts"}],"about":[{"href":"https:\/\/www.europesays.com\/se\/wp-json\/wp\/v2\/types\/post"}],"author":[{"embeddable":true,"href":"https:\/\/www.europesays.com\/se\/wp-json\/wp\/v2\/users\/2"}],"replies":[{"embeddable":true,"href":"https:\/\/www.europesays.com\/se\/wp-json\/wp\/v2\/comments?post=136617"}],"version-history":[{"count":0,"href":"https:\/\/www.europesays.com\/se\/wp-json\/wp\/v2\/posts\/136617\/revisions"}],"wp:featuredmedia":[{"embeddable":true,"href":"https:\/\/www.europesays.com\/se\/wp-json\/wp\/v2\/media\/54"}],"wp:attachment":[{"href":"https:\/\/www.europesays.com\/se\/wp-json\/wp\/v2\/media?parent=136617"}],"wp:term":[{"taxonomy":"category","embeddable":true,"href":"https:\/\/www.europesays.com\/se\/wp-json\/wp\/v2\/categories?post=136617"},{"taxonomy":"post_tag","embeddable":true,"href":"https:\/\/www.europesays.com\/se\/wp-json\/wp\/v2\/tags?post=136617"}],"curies":[{"name":"wp","href":"https:\/\/api.w.org\/{rel}","templated":true}]}}