{"id":136618,"date":"2026-01-15T07:23:07","date_gmt":"2026-01-15T07:23:07","guid":{"rendered":"https:\/\/www.europesays.com\/se\/136618\/"},"modified":"2026-01-15T07:23:07","modified_gmt":"2026-01-15T07:23:07","slug":"lansstyrelsen-vastra-gotaland-far-nytt-tillsynsuppdrag-inom-cybersakerhet","status":"publish","type":"post","link":"https:\/\/www.europesays.com\/se\/136618\/","title":{"rendered":"L\u00e4nsstyrelsen V\u00e4stra G\u00f6taland f\u00e5r nytt tillsynsuppdrag inom cybers\u00e4kerhet"},"content":{"rendered":"<p>Varf\u00f6r en ny cybers\u00e4kerhetslag?<\/p>\n<p class=\"normal\">Den \u00f6kade digitaliseringen i samh\u00e4llet och ett allvarligare omv\u00e4rldsl\u00e4ge st\u00e4ller h\u00f6gre krav p\u00e5 s\u00e4kerhet i verksamhetsut\u00f6vares n\u00e4tverks- och informationssystem.<\/p>\n<p class=\"normal\">M\u00e5let med lagen \u00e4r att uppn\u00e5 en h\u00f6g gemensam niv\u00e5 p\u00e5 cybers\u00e4kerheten i samh\u00e4llet, och att harmonisera kraven f\u00f6r cybers\u00e4kerhet i EU:s medlemsl\u00e4nder.<\/p>\n<p>Sk\u00e4rpta krav p\u00e5 verksamhetsut\u00f6vare<\/p>\n<p class=\"normal\">Den nya lagen b\u00f6rjar g\u00e4lla 15 januari 2026 och inneb\u00e4r sk\u00e4rpta krav p\u00e5 ber\u00f6rda verksamhetsut\u00f6vare, j\u00e4mf\u00f6rt med den tidigare lagstiftningen. Det blir exempelvis tydligare krav p\u00e5 riskanalyser och olika s\u00e4kerhets\u00e5tg\u00e4rder. Dessutom tillkommer fler verksamhetsut\u00f6vare n\u00e4r antalet sektorer \u00f6kar fr\u00e5n 7 till 18 sektorer.<\/p>\n<p class=\"normal\">Den som \u00e4r verksamhetsut\u00f6vare har i huvudsak f\u00f6ljande uppgifter:<\/p>\n<ul class=\" env-text-list normal\">\n<li>Identifiera att man omfattas och anm\u00e4la sig.<\/li>\n<li>Inf\u00f6ra l\u00e4mpliga s\u00e4kerhets\u00e5tg\u00e4rder och utbilda s\u00e5v\u00e4l ledning som personal.<\/li>\n<li>Rapportera in incidenter som medf\u00f6r eller kan medf\u00f6ra betydande st\u00f6rningar.<\/li>\n<\/ul>\n<p>L\u00e4nsstyrelsens roll<\/p>\n<p class=\"normal\">Enligt cybers\u00e4kerhetsf\u00f6rordningen \u00e4r l\u00e4nsstyrelserna i Norrbotten, V\u00e4stra G\u00f6taland, Sk\u00e5ne, Stockholm, \u00d6rebro och \u00d6sterg\u00f6tland tillsynsmyndigheter f\u00f6r vissa verksamhetsut\u00f6vare. F\u00f6ljande sektorer omfattas av l\u00e4nsstyrelsernas tillsyn:<\/p>\n<ul class=\" env-text-list normal\">\n<li>avfallshantering<\/li>\n<li>forskning<\/li>\n<li>offentlig f\u00f6rvaltning, med undantag av l\u00e4nsstyrelserna<\/li>\n<li>tillverkning, produktion och distribution av kemikalier<\/li>\n<li>tillverkning av datorer, elektronikvaror och optik<\/li>\n<li>tillverkning av elapparatur<\/li>\n<li>tillverkning av \u00f6vriga maskiner.<\/li>\n<\/ul>\n<p class=\"normal\">Ber\u00f6rda verksamheter kan l\u00e4sa mer om cybers\u00e4kerhetslagen hos Myndigheten f\u00f6r civilt f\u00f6rsvar:<\/p>\n<p class=\"sv-font-brodtext-med-bla-lankning\"><a href=\"https:\/\/www.mcf.se\/sv\/amnesomraden\/informationssakerhet-och-cybersakerhet\/krav-och-regler-inom-informationssakerhet-och-cybersakerhet\/nis-direktivet\/nis2\/nis2-for-berorda--verksamheter\/\" rel=\"nofollow noopener\" target=\"_blank\">NIS2 f\u00f6r ber\u00f6rda verksamheter, Myndigheten f\u00f6r civilt f\u00f6rsvar L\u00e4nk till annan webbplats.<\/a><\/p>\n<p>Anm\u00e4lan<\/p>\n<p class=\"normal\">Verksamhetsut\u00f6vare som omfattas av cybers\u00e4kerhetslagen ska anm\u00e4la sig till Myndigheten f\u00f6r civilt f\u00f6rsvar. Anm\u00e4lan kan g\u00f6ras fr\u00e5n 2 februari.<\/p>\n<p class=\"sv-font-brodtext-med-bla-lankning\"><a href=\"https:\/\/www.mcf.se\/sv\/amnesomraden\/informationssakerhet-och-cybersakerhet\/krav-och-regler-inom-informationssakerhet-och-cybersakerhet\/nis-direktivet\/nis2\/att-anmala-en-verksamhet-enligt-nis2\/\" rel=\"nofollow noopener\" target=\"_blank\">Att anm\u00e4la en verksamhet enligt NIS2, Myndigheten f\u00f6r civilt f\u00f6rsvar L\u00e4nk till annan webbplats.<\/a><\/p>\n<p>Om NIS 2-direktivet<\/p>\n<p class=\"normal\">EU antog i december 2022 ett direktiv om \u00e5tg\u00e4rder f\u00f6r att st\u00e4rka cybers\u00e4kerhetsniv\u00e5n inom unionen, det s\u00e5 kallade NIS 2-direktivet. Regeringen har beslutat om cybers\u00e4kerhetslagen f\u00f6r att genomf\u00f6ra direktivet i svensk r\u00e4tt.<\/p>\n<p class=\"normal\">L\u00e4s mer om NIS 2 p\u00e5 Myndigheten f\u00f6r civilt f\u00f6rsvars webbplats.<\/p>\n<p class=\"sv-font-brodtext-med-bla-lankning\"><a href=\"https:\/\/www.mcf.se\/sv\/amnesomraden\/informationssakerhet-och-cybersakerhet\/krav-och-regler-inom-informationssakerhet-och-cybersakerhet\/nis-direktivet\/nis2\/\" rel=\"nofollow noopener\" target=\"_blank\">NIS2, Myndigheten f\u00f6r civilt f\u00f6rsvar L\u00e4nk till annan webbplats.<\/a><\/p>\n<p>Tillsynsansvar<\/p>\n<ul class=\" env-text-list normal\">\n<li>L\u00e4nsstyrelsen Norrbotten \u00e4r tillsynsmyndighet f\u00f6r kommuner, regioner och vissa verksamhetsut\u00f6vare i J\u00e4mtlands, Norrbottens, V\u00e4sterbottens och V\u00e4sternorrlands l\u00e4n.<\/li>\n<li>L\u00e4nsstyrelsen Sk\u00e5ne \u00e4r tillsynsmyndighet f\u00f6r kommuner, regioner och vissa verksamhetsut\u00f6vare i Blekinge, Kronobergs och Sk\u00e5ne l\u00e4n.<\/li>\n<li>L\u00e4nsstyrelsen Stockholm \u00e4r tillsynsmyndighet f\u00f6r kommuner, regioner och vissa verksamhetsut\u00f6vare i Gotland och Stockholms l\u00e4n.<\/li>\n<li>L\u00e4nsstyrelsen V\u00e4stra G\u00f6taland \u00e4r tillsynsmyndighet f\u00f6r kommuner, regioner och vissa verksamhetsut\u00f6vare i Hallands och V\u00e4stra G\u00f6talands l\u00e4n.<\/li>\n<li>L\u00e4nsstyrelsen i \u00d6rebro l\u00e4n \u00e4r tillsynsmyndighet f\u00f6r kommuner, regioner och vissa verksamhetsut\u00f6vare i Dalarnas, G\u00e4vleborgs, S\u00f6dermanlands, Uppsala, V\u00e4rmlands, V\u00e4stmanlands och \u00d6rebro l\u00e4n.<\/li>\n<li>L\u00e4nsstyrelsen \u00d6sterg\u00f6tland \u00e4r tillsynsmyndighet f\u00f6r kommuner, regioner och vissa verksamhetsut\u00f6vare i J\u00f6nk\u00f6pings, Kalmar och \u00d6sterg\u00f6tlands l\u00e4n.<\/li>\n<\/ul>\n","protected":false},"excerpt":{"rendered":"Varf\u00f6r en ny cybers\u00e4kerhetslag? Den \u00f6kade digitaliseringen i samh\u00e4llet och ett allvarligare omv\u00e4rldsl\u00e4ge st\u00e4ller h\u00f6gre krav p\u00e5 s\u00e4kerhet&hellip;\n","protected":false},"author":2,"featured_media":136619,"comment_status":"","ping_status":"","sticky":false,"template":"","format":"standard","meta":{"footnotes":""},"categories":[5],"tags":[22,23,26,27,17,21,24,25,28,29,15,16,18,34,31,33,32,30,19,20],"class_list":{"0":"post-136618","1":"post","2":"type-post","3":"status-publish","4":"format-standard","5":"has-post-thumbnail","7":"category-rubriker","8":"tag-breaking-news","9":"tag-breakingnews","10":"tag-featured-news","11":"tag-featurednews","12":"tag-headlines","13":"tag-huvudnyheter","14":"tag-latest-news","15":"tag-latestnews","16":"tag-main-news","17":"tag-mainnews","18":"tag-news","19":"tag-nyheter","20":"tag-rubriker","21":"tag-se","22":"tag-svenska","23":"tag-sverige","24":"tag-sweden","25":"tag-swedish","26":"tag-top-stories","27":"tag-topstories"},"share_on_mastodon":{"url":"https:\/\/pubeurope.com\/@se\/115897919336443112","error":""},"_links":{"self":[{"href":"https:\/\/www.europesays.com\/se\/wp-json\/wp\/v2\/posts\/136618","targetHints":{"allow":["GET"]}}],"collection":[{"href":"https:\/\/www.europesays.com\/se\/wp-json\/wp\/v2\/posts"}],"about":[{"href":"https:\/\/www.europesays.com\/se\/wp-json\/wp\/v2\/types\/post"}],"author":[{"embeddable":true,"href":"https:\/\/www.europesays.com\/se\/wp-json\/wp\/v2\/users\/2"}],"replies":[{"embeddable":true,"href":"https:\/\/www.europesays.com\/se\/wp-json\/wp\/v2\/comments?post=136618"}],"version-history":[{"count":0,"href":"https:\/\/www.europesays.com\/se\/wp-json\/wp\/v2\/posts\/136618\/revisions"}],"wp:featuredmedia":[{"embeddable":true,"href":"https:\/\/www.europesays.com\/se\/wp-json\/wp\/v2\/media\/136619"}],"wp:attachment":[{"href":"https:\/\/www.europesays.com\/se\/wp-json\/wp\/v2\/media?parent=136618"}],"wp:term":[{"taxonomy":"category","embeddable":true,"href":"https:\/\/www.europesays.com\/se\/wp-json\/wp\/v2\/categories?post=136618"},{"taxonomy":"post_tag","embeddable":true,"href":"https:\/\/www.europesays.com\/se\/wp-json\/wp\/v2\/tags?post=136618"}],"curies":[{"name":"wp","href":"https:\/\/api.w.org\/{rel}","templated":true}]}}