{"id":136635,"date":"2026-01-15T07:45:06","date_gmt":"2026-01-15T07:45:06","guid":{"rendered":"https:\/\/www.europesays.com\/se\/136635\/"},"modified":"2026-01-15T07:45:06","modified_gmt":"2026-01-15T07:45:06","slug":"ccee-kristnas-enhet-som-ett-verktyg-for-fred","status":"publish","type":"post","link":"https:\/\/www.europesays.com\/se\/136635\/","title":{"rendered":"CCEE: Kristnas enhet som ett verktyg f\u00f6r fred"},"content":{"rendered":"<p>Ordf\u00f6randeskapet f\u00f6r R\u00e5det f\u00f6r Europas biskopskonferenser (CCEE) uppmanar alla kyrkor p\u00e5 kontinenten att \u00e4gna en s\u00e4rskild b\u00f6neintention \u00e5t fred under den kommande b\u00f6neveckan f\u00f6r kristen enhet.&#13;\n<\/p>\n<p><b>Vatican News<\/b><\/p>\n<p>Denna uppmaning riktades av monsignore Gintaras Gru\u0161as, ordf\u00f6rande f\u00f6r CCEE, till ordf\u00f6randena f\u00f6r Europas katolska biskopskonferenser, vid undertecknandet av den uppdaterade Charta Oecumenica i Rom den 5 november 2025. Med denna handling inleds officiellt fasen f\u00f6r inf\u00f6rlivandet av dokumentet i hela Europa.<\/p>\n<p>\u201dB\u00f6nen f\u00f6rblir sj\u00e4lva hj\u00e4rtat i hela den ekumeniska r\u00f6relsen (UR, 8) och kommer s\u00e4rskilt starkt till uttryck under den \u00e5rliga b\u00f6neveckan f\u00f6r kristen enhet\u201d, betonar \u00e4rkebiskop Gru\u0161as i sitt brev. Enheten mellan de som \u00e4r d\u00f6pta i Kristus \u2013 s\u00e4ger han \u2013 \u00e4r idag ett kraftfullt verktyg f\u00f6r fred i hela v\u00e4rlden.<\/p>\n<p>Uppmaningen kommer p\u00e5 25-\u00e5rsdagen av undertecknandet av den f\u00f6rsta ekumeniska stadgan, Strasbourg den 22 april 2001, och i ett internationellt sammanhang som pr\u00e4glas av allvarliga hot mot freden, med v\u00e4pnade konflikter och \u00f6kande geopolitiska sp\u00e4nningar. Inf\u00f6r denna situation uppmanas kyrkorna att med kraft f\u00f6rnya en gemensam uppmaning till b\u00f6n, s\u00e5 att enheten inte bara v\u00e4xer mellan kristna, utan ocks\u00e5 blir en k\u00e4lla till f\u00f6rsoning mellan folk och parter i konflikt.<\/p>\n<p>\u201dDenna gemensamma b\u00f6n och mottagandet av den uppdaterade Charta Oecumenica\u201d, avslutar CCEE:s ordf\u00f6rande, \u201danf\u00f6rtros den v\u00e4lsignade jungfrun Marias, Europas moder, och Europas skyddshelgons f\u00f6rb\u00f6n\u201d.<\/p>\n<p>Den uppdaterade Charta Oecumenica utg\u00f6r ett viktigt steg i den ekumeniska utvecklingen av kyrkorna i Europa. Efter 25 \u00e5r forts\u00e4tter dokumentet att vara en viktig referenspunkt f\u00f6r att fr\u00e4mja dialog, samarbete och gemensamt vittnesb\u00f6rd mellan de kristna kyrkorna p\u00e5 kontinenten. Revideringen har genomf\u00f6rts av en arbetsgrupp som inr\u00e4ttats av den gemensamma kommitt\u00e9n f\u00f6r CCEE och\u00a0det ekumeniska samarbetsorganet Konferensen f\u00f6r europeiska kyrkor (KEK).<\/p>\n<p>Kyrkorna uppmanas nu att ta emot Charta p\u00e5 ett djupg\u00e5ende och fruktbart s\u00e4tt, vilket ska leda till ett f\u00f6rnyat engagemang i gemensam b\u00f6n, ekumenisk dialog, utbildning och gemensamt vittnesb\u00f6rd i olika kyrkliga och sociala sammanhang.<\/p>\n","protected":false},"excerpt":{"rendered":"Ordf\u00f6randeskapet f\u00f6r R\u00e5det f\u00f6r Europas biskopskonferenser (CCEE) uppmanar alla kyrkor p\u00e5 kontinenten att \u00e4gna en s\u00e4rskild b\u00f6neintention \u00e5t&hellip;\n","protected":false},"author":2,"featured_media":136636,"comment_status":"","ping_status":"","sticky":false,"template":"","format":"standard","meta":{"footnotes":""},"categories":[14],"tags":[22,23,26,27,17,21,24,25,28,29,15,16,18,34,31,33,32,30,19,20,51,52,53,54],"class_list":{"0":"post-136635","1":"post","2":"type-post","3":"status-publish","4":"format-standard","5":"has-post-thumbnail","7":"category-varlden","8":"tag-breaking-news","9":"tag-breakingnews","10":"tag-featured-news","11":"tag-featurednews","12":"tag-headlines","13":"tag-huvudnyheter","14":"tag-latest-news","15":"tag-latestnews","16":"tag-main-news","17":"tag-mainnews","18":"tag-news","19":"tag-nyheter","20":"tag-rubriker","21":"tag-se","22":"tag-svenska","23":"tag-sverige","24":"tag-sweden","25":"tag-swedish","26":"tag-top-stories","27":"tag-topstories","28":"tag-varlden","29":"tag-world","30":"tag-world-news","31":"tag-worldnews"},"share_on_mastodon":{"url":"https:\/\/pubeurope.com\/@se\/115898005767072089","error":""},"_links":{"self":[{"href":"https:\/\/www.europesays.com\/se\/wp-json\/wp\/v2\/posts\/136635","targetHints":{"allow":["GET"]}}],"collection":[{"href":"https:\/\/www.europesays.com\/se\/wp-json\/wp\/v2\/posts"}],"about":[{"href":"https:\/\/www.europesays.com\/se\/wp-json\/wp\/v2\/types\/post"}],"author":[{"embeddable":true,"href":"https:\/\/www.europesays.com\/se\/wp-json\/wp\/v2\/users\/2"}],"replies":[{"embeddable":true,"href":"https:\/\/www.europesays.com\/se\/wp-json\/wp\/v2\/comments?post=136635"}],"version-history":[{"count":0,"href":"https:\/\/www.europesays.com\/se\/wp-json\/wp\/v2\/posts\/136635\/revisions"}],"wp:featuredmedia":[{"embeddable":true,"href":"https:\/\/www.europesays.com\/se\/wp-json\/wp\/v2\/media\/136636"}],"wp:attachment":[{"href":"https:\/\/www.europesays.com\/se\/wp-json\/wp\/v2\/media?parent=136635"}],"wp:term":[{"taxonomy":"category","embeddable":true,"href":"https:\/\/www.europesays.com\/se\/wp-json\/wp\/v2\/categories?post=136635"},{"taxonomy":"post_tag","embeddable":true,"href":"https:\/\/www.europesays.com\/se\/wp-json\/wp\/v2\/tags?post=136635"}],"curies":[{"name":"wp","href":"https:\/\/api.w.org\/{rel}","templated":true}]}}