{"id":136637,"date":"2026-01-15T07:47:07","date_gmt":"2026-01-15T07:47:07","guid":{"rendered":"https:\/\/www.europesays.com\/se\/136637\/"},"modified":"2026-01-15T07:47:07","modified_gmt":"2026-01-15T07:47:07","slug":"s-svanger-star-bakom-tido-om-medborgarskap","status":"publish","type":"post","link":"https:\/\/www.europesays.com\/se\/136637\/","title":{"rendered":"S sv\u00e4nger \u2013 st\u00e5r bakom Tid\u00f6 om medborgarskap"},"content":{"rendered":"<p>Socialdemokraterna st\u00e4ller sig nu bakom Tid\u00f6partiernas f\u00f6rslag om att \u00e4ndra grundlagen f\u00f6r att kunna dra in g\u00e4ngledares medborgarskap, rapporterar Sveriges Radio Ekot.<\/p>\n<p>\u00c4ven S har velat dra in g\u00e4ngtoppars medborgarskap, men n\u00e4r fr\u00e5gan avhandlades i grundlagskommitt\u00e9n sa partiet nej till formuleringen om att \u00e4ven personer som hotar Sveriges \u201dvitala intressen\u201d ska kunna f\u00f6rlora medborgarskapet. Formuleringen var f\u00f6r luddig, tyckte S d\u00e5.<\/p>\n<p>Nu sv\u00e4nger partiet. Amalia Rud Stenl\u00f6f (S) h\u00e4vdar att det g\u00f6rs eftersom Tid\u00f6partierna \u201defter p\u00e5tryckningar\u201d har \u00e4ndrat sig s\u00e5 att internationella konventioner ska efterlevas, men enligt justitieminister Gunnar Str\u00f6mmer (M) har det hela tiden varit tydligt.<\/p>\n<p>\u2013 Det \u00e4r klart att vi v\u00e4lkomnar ett s\u00e5 brett st\u00f6d som m\u00f6jligt, s\u00e4ger Str\u00f6mmer.<\/p>\n<p>Omni \u00e4r politiskt obundna och oberoende. Vi str\u00e4var efter att ge fler perspektiv p\u00e5 nyheterna. Har du fr\u00e5gor eller synpunkter kring v\u00e5r rapportering? <a href=\"https:\/\/omni.se\/s-svanger-staller-sig-bakom-tido-om-medborgarskap\/a\/mailto:redaktion@omni.se\" class=\"ArticleActions_contactLink__W2F1M\" rel=\"nofollow noopener\" target=\"_blank\">Kontakta redaktionen<\/a><\/p>\n","protected":false},"excerpt":{"rendered":"Socialdemokraterna st\u00e4ller sig nu bakom Tid\u00f6partiernas f\u00f6rslag om att \u00e4ndra grundlagen f\u00f6r att kunna dra in g\u00e4ngledares medborgarskap,&hellip;\n","protected":false},"author":2,"featured_media":136638,"comment_status":"","ping_status":"","sticky":false,"template":"","format":"standard","meta":{"footnotes":""},"categories":[5],"tags":[22,23,26,27,2613,17,21,1558,1107,24,25,639,28,29,551,15,16,369,18,34,1557,31,33,617,32,30,19,20],"class_list":{"0":"post-136637","1":"post","2":"type-post","3":"status-publish","4":"format-standard","5":"has-post-thumbnail","7":"category-rubriker","8":"tag-breaking-news","9":"tag-breakingnews","10":"tag-featured-news","11":"tag-featurednews","12":"tag-gunnar-strommer","13":"tag-headlines","14":"tag-huvudnyheter","15":"tag-kriminalpolitik","16":"tag-kristdemokraterna","17":"tag-latest-news","18":"tag-latestnews","19":"tag-liberalerna","20":"tag-main-news","21":"tag-mainnews","22":"tag-moderaterna","23":"tag-news","24":"tag-nyheter","25":"tag-politik","26":"tag-rubriker","27":"tag-se","28":"tag-socialdemokraterna","29":"tag-svenska","30":"tag-sverige","31":"tag-sverigedemokraterna","32":"tag-sweden","33":"tag-swedish","34":"tag-top-stories","35":"tag-topstories"},"share_on_mastodon":{"url":"https:\/\/pubeurope.com\/@se\/115898013645411089","error":""},"_links":{"self":[{"href":"https:\/\/www.europesays.com\/se\/wp-json\/wp\/v2\/posts\/136637","targetHints":{"allow":["GET"]}}],"collection":[{"href":"https:\/\/www.europesays.com\/se\/wp-json\/wp\/v2\/posts"}],"about":[{"href":"https:\/\/www.europesays.com\/se\/wp-json\/wp\/v2\/types\/post"}],"author":[{"embeddable":true,"href":"https:\/\/www.europesays.com\/se\/wp-json\/wp\/v2\/users\/2"}],"replies":[{"embeddable":true,"href":"https:\/\/www.europesays.com\/se\/wp-json\/wp\/v2\/comments?post=136637"}],"version-history":[{"count":0,"href":"https:\/\/www.europesays.com\/se\/wp-json\/wp\/v2\/posts\/136637\/revisions"}],"wp:featuredmedia":[{"embeddable":true,"href":"https:\/\/www.europesays.com\/se\/wp-json\/wp\/v2\/media\/136638"}],"wp:attachment":[{"href":"https:\/\/www.europesays.com\/se\/wp-json\/wp\/v2\/media?parent=136637"}],"wp:term":[{"taxonomy":"category","embeddable":true,"href":"https:\/\/www.europesays.com\/se\/wp-json\/wp\/v2\/categories?post=136637"},{"taxonomy":"post_tag","embeddable":true,"href":"https:\/\/www.europesays.com\/se\/wp-json\/wp\/v2\/tags?post=136637"}],"curies":[{"name":"wp","href":"https:\/\/api.w.org\/{rel}","templated":true}]}}