{"id":136651,"date":"2026-01-15T08:04:26","date_gmt":"2026-01-15T08:04:26","guid":{"rendered":"https:\/\/www.europesays.com\/se\/136651\/"},"modified":"2026-01-15T08:04:26","modified_gmt":"2026-01-15T08:04:26","slug":"farmaceutsortiment-pa-riksdagens-bord-i-var","status":"publish","type":"post","link":"https:\/\/www.europesays.com\/se\/136651\/","title":{"rendered":"Farmaceutsortiment p\u00e5 riksdagens bord i v\u00e5r"},"content":{"rendered":"<p>Regeringen g\u00e5r vidare med planerna p\u00e5 att inf\u00f6ra ett farmaceutsortiment, en s\u00e4rskild kategori av receptfria l\u00e4kemedel som kr\u00e4ver speciell r\u00e5dgivning p\u00e5 apoteket. Det framg\u00e5r av <a href=\"https:\/\/www.regeringen.se\/contentassets\/85e6d9775cb04d18af5ec1c93ddcfbe0\/propositionsforteckningen-varen-2026.pdf\" rel=\"nofollow noopener\" target=\"_blank\">regeringens propositionsf\u00f6rteckning f\u00f6r 2026<\/a>.<\/p>\n<p><strong>Enligt denna f\u00f6rtecknin<\/strong>g planerar regeringen att l\u00e4gga fram ett lagf\u00f6rslag om \u201dReceptfria l\u00e4kemedel med s\u00e4rskilda krav p\u00e5 r\u00e5dgivning\u201d 26 mars. D\u00e5 kommer f\u00f6rslaget att kunna behandlas av riksdagen f\u00f6re sommaruppeh\u00e5llet.<\/p>\n<p>F\u00f6reslog farmaceutsortiment<\/p>\n<p>Som L\u00e4kemedelsv\u00e4rlden <a href=\"https:\/\/www.lakemedelsvarlden.se\/ja-till-farmaceutsortiment-av-receptfria-lakemedel\/\" rel=\"nofollow noopener\" target=\"_blank\">har rapporterat<\/a> f\u00f6reslog L\u00e4kemedelsverket i en rapport att Sverige inf\u00f6r ett farmaceutsortiment f\u00f6r att \u00f6ka tillg\u00e4ngligheten till vissa l\u00e4kemedel. Det handlar om l\u00e4kemedel\u00a0som kan g\u00f6ras receptfria under f\u00f6ruts\u00e4ttning att apoteken s\u00e4ljer dem p\u00e5 ett s\u00e4rskilt s\u00e4tt.<\/p>\n<p><strong>Ett krav \u00e4r<\/strong> att man f\u00f6rvarar dem o\u00e5tkomligt f\u00f6r kunderna. Och ett annat krav \u00e4r att en receptarie eller apotekare ger kunden r\u00e5dgivning med hj\u00e4lp av ett produktspecifikt material som L\u00e4kemedelsverket ska godk\u00e4nna. Det ska vara frivilligt f\u00f6r apotek att saluf\u00f6ra den nya specialkategorin av receptfritt. Och f\u00f6r att ett l\u00e4kemedel ska hamna i kategorin m\u00e5ste l\u00e4kemedelsf\u00f6retaget ans\u00f6ka om det.<\/p>\n<p>L\u00e4kemedelsverket pekade i sin rapport inte ut vilka produkter som kan passa f\u00f6r ett framtida farmaceutsortiment av receptfria l\u00e4kemedel. Ett l\u00e4kemedel som redan blivit receptfritt med krav p\u00e5 s\u00e4rskild r\u00e5dgivning \u00e4r<a href=\"https:\/\/www.lakemedelsvarlden.se\/nasspray-med-naloxon-blir-receptfri\/\" rel=\"nofollow noopener\" target=\"_blank\">\u00a0\u00f6verdosmotgiftet naloxon<\/a>.<\/p>\n<p>Konsekvensanalys efterlystes<\/p>\n<p>N\u00e4r regeringen skickade ut L\u00e4kemedelsverkets f\u00f6rslag p\u00e5 remiss fick det, som L\u00e4kemedelsv\u00e4rlden <a href=\"https:\/\/www.lakemedelsvarlden.se\/ros-och-ris-om-farmaceutsortiment-i-remissvaren\/\" rel=\"nofollow noopener\" target=\"_blank\">rapporterade<\/a>, st\u00f6d av de flesta remissinstanser. Men det framkom ocks\u00e5 kraftig kritik fr\u00e5n vissa, <a href=\"https:\/\/www.lakemedelsvarlden.se\/sls\/\" rel=\"nofollow noopener\" target=\"_blank\">bland andra Svenska l\u00e4kares\u00e4llskapet<\/a>\u00a0som varnade f\u00f6r patients\u00e4kerhetsrisker och f\u00f6r integritetsproblem p\u00e5 apoteken.<\/p>\n<p><strong>M\u00e5nga remissinstanser, \u00e4ven<\/strong> bland dem som i grunden var positiva, efterlyste ocks\u00e5 en b\u00e4ttre konsekvensanalys av f\u00f6rslaget.<\/p>\n<p>Men nu ser det allts\u00e5 ut som att regeringen tycker att det underlag som finns r\u00e4cker till f\u00f6r ett lagf\u00f6rslag.<\/p>\n","protected":false},"excerpt":{"rendered":"Regeringen g\u00e5r vidare med planerna p\u00e5 att inf\u00f6ra ett farmaceutsortiment, en s\u00e4rskild kategori av receptfria l\u00e4kemedel som kr\u00e4ver&hellip;\n","protected":false},"author":2,"featured_media":54891,"comment_status":"","ping_status":"","sticky":false,"template":"","format":"standard","meta":{"footnotes":""},"categories":[5],"tags":[22,23,26,27,17,21,24,25,28,29,15,16,3409,1431,18,34,31,33,32,30,19,20],"class_list":{"0":"post-136651","1":"post","2":"type-post","3":"status-publish","4":"format-standard","5":"has-post-thumbnail","7":"category-rubriker","8":"tag-breaking-news","9":"tag-breakingnews","10":"tag-featured-news","11":"tag-featurednews","12":"tag-headlines","13":"tag-huvudnyheter","14":"tag-latest-news","15":"tag-latestnews","16":"tag-main-news","17":"tag-mainnews","18":"tag-news","19":"tag-nyheter","20":"tag-regeringen","21":"tag-riksdagen","22":"tag-rubriker","23":"tag-se","24":"tag-svenska","25":"tag-sverige","26":"tag-sweden","27":"tag-swedish","28":"tag-top-stories","29":"tag-topstories"},"share_on_mastodon":{"url":"https:\/\/pubeurope.com\/@se\/115898080468449849","error":""},"_links":{"self":[{"href":"https:\/\/www.europesays.com\/se\/wp-json\/wp\/v2\/posts\/136651","targetHints":{"allow":["GET"]}}],"collection":[{"href":"https:\/\/www.europesays.com\/se\/wp-json\/wp\/v2\/posts"}],"about":[{"href":"https:\/\/www.europesays.com\/se\/wp-json\/wp\/v2\/types\/post"}],"author":[{"embeddable":true,"href":"https:\/\/www.europesays.com\/se\/wp-json\/wp\/v2\/users\/2"}],"replies":[{"embeddable":true,"href":"https:\/\/www.europesays.com\/se\/wp-json\/wp\/v2\/comments?post=136651"}],"version-history":[{"count":0,"href":"https:\/\/www.europesays.com\/se\/wp-json\/wp\/v2\/posts\/136651\/revisions"}],"wp:featuredmedia":[{"embeddable":true,"href":"https:\/\/www.europesays.com\/se\/wp-json\/wp\/v2\/media\/54891"}],"wp:attachment":[{"href":"https:\/\/www.europesays.com\/se\/wp-json\/wp\/v2\/media?parent=136651"}],"wp:term":[{"taxonomy":"category","embeddable":true,"href":"https:\/\/www.europesays.com\/se\/wp-json\/wp\/v2\/categories?post=136651"},{"taxonomy":"post_tag","embeddable":true,"href":"https:\/\/www.europesays.com\/se\/wp-json\/wp\/v2\/tags?post=136651"}],"curies":[{"name":"wp","href":"https:\/\/api.w.org\/{rel}","templated":true}]}}