{"id":136656,"date":"2026-01-15T08:10:07","date_gmt":"2026-01-15T08:10:07","guid":{"rendered":"https:\/\/www.europesays.com\/se\/136656\/"},"modified":"2026-01-15T08:10:07","modified_gmt":"2026-01-15T08:10:07","slug":"iran-stangde-luftrummet-efter-spanda-laget-med-usa","status":"publish","type":"post","link":"https:\/\/www.europesays.com\/se\/136656\/","title":{"rendered":"Iran st\u00e4ngde luftrummet \u2013 efter sp\u00e4nda l\u00e4get med USA"},"content":{"rendered":"<p>Luftrummet i Iran st\u00e4ngdes under flera timmar, rapporterar TT. Anledningen ska vara det sp\u00e4nda l\u00e4get mellan Iran och USA efter att Donald Trump \u00f6verv\u00e4gt att attackera landet.<\/p>\n<p>Till en b\u00f6rjan skulle luftrummet st\u00e4ngas i tv\u00e5 timmar, men stoppet fortsatte i flera timmar i natt.<\/p>\n<p>\u201dFlera flygbolag har redan minskat eller st\u00e4llt in flygningar, och de flesta flygbolag undviker iranskt luftrum,\u201d skriver webbplatsen SafeAirspace, som bevakar konfliktzoner. <\/p>\n<p>Luftrummet ska ha \u00f6ppnat igen under morgonen svensk tid, skriver AP.<\/p>\n<p>Omni \u00e4r politiskt obundna och oberoende. Vi str\u00e4var efter att ge fler perspektiv p\u00e5 nyheterna. Har du fr\u00e5gor eller synpunkter kring v\u00e5r rapportering? <a href=\"https:\/\/omni.se\/iran-stangde-luftrummet-efter-spanga-laget-med-usa\/a\/mailto:redaktion@omni.se\" class=\"ArticleActions_contactLink__W2F1M\" rel=\"nofollow noopener\" target=\"_blank\">Kontakta redaktionen<\/a><\/p>\n","protected":false},"excerpt":{"rendered":"Luftrummet i Iran st\u00e4ngdes under flera timmar, rapporterar TT. Anledningen ska vara det sp\u00e4nda l\u00e4get mellan Iran och&hellip;\n","protected":false},"author":2,"featured_media":136657,"comment_status":"","ping_status":"","sticky":false,"template":"","format":"standard","meta":{"footnotes":""},"categories":[14],"tags":[22,23,385,26,27,17,21,1530,24,25,28,29,124,15,268,16,18,34,31,33,32,30,19,20,74,51,52,53,54],"class_list":{"0":"post-136656","1":"post","2":"type-post","3":"status-publish","4":"format-standard","5":"has-post-thumbnail","7":"category-varlden","8":"tag-breaking-news","9":"tag-breakingnews","10":"tag-donald-trump","11":"tag-featured-news","12":"tag-featurednews","13":"tag-headlines","14":"tag-huvudnyheter","15":"tag-iran","16":"tag-latest-news","17":"tag-latestnews","18":"tag-main-news","19":"tag-mainnews","20":"tag-mellanostern","21":"tag-news","22":"tag-nordamerika","23":"tag-nyheter","24":"tag-rubriker","25":"tag-se","26":"tag-svenska","27":"tag-sverige","28":"tag-sweden","29":"tag-swedish","30":"tag-top-stories","31":"tag-topstories","32":"tag-usa","33":"tag-varlden","34":"tag-world","35":"tag-world-news","36":"tag-worldnews"},"share_on_mastodon":{"url":"https:\/\/pubeurope.com\/@se\/115898104114529832","error":""},"_links":{"self":[{"href":"https:\/\/www.europesays.com\/se\/wp-json\/wp\/v2\/posts\/136656","targetHints":{"allow":["GET"]}}],"collection":[{"href":"https:\/\/www.europesays.com\/se\/wp-json\/wp\/v2\/posts"}],"about":[{"href":"https:\/\/www.europesays.com\/se\/wp-json\/wp\/v2\/types\/post"}],"author":[{"embeddable":true,"href":"https:\/\/www.europesays.com\/se\/wp-json\/wp\/v2\/users\/2"}],"replies":[{"embeddable":true,"href":"https:\/\/www.europesays.com\/se\/wp-json\/wp\/v2\/comments?post=136656"}],"version-history":[{"count":0,"href":"https:\/\/www.europesays.com\/se\/wp-json\/wp\/v2\/posts\/136656\/revisions"}],"wp:featuredmedia":[{"embeddable":true,"href":"https:\/\/www.europesays.com\/se\/wp-json\/wp\/v2\/media\/136657"}],"wp:attachment":[{"href":"https:\/\/www.europesays.com\/se\/wp-json\/wp\/v2\/media?parent=136656"}],"wp:term":[{"taxonomy":"category","embeddable":true,"href":"https:\/\/www.europesays.com\/se\/wp-json\/wp\/v2\/categories?post=136656"},{"taxonomy":"post_tag","embeddable":true,"href":"https:\/\/www.europesays.com\/se\/wp-json\/wp\/v2\/tags?post=136656"}],"curies":[{"name":"wp","href":"https:\/\/api.w.org\/{rel}","templated":true}]}}