{"id":136658,"date":"2026-01-15T08:11:10","date_gmt":"2026-01-15T08:11:10","guid":{"rendered":"https:\/\/www.europesays.com\/se\/136658\/"},"modified":"2026-01-15T08:11:10","modified_gmt":"2026-01-15T08:11:10","slug":"sarskilt-barnbidrag-kan-minska-fattigdomen-bland-ensamstaende","status":"publish","type":"post","link":"https:\/\/www.europesays.com\/se\/136658\/","title":{"rendered":"S\u00e4rskilt barnbidrag kan minska fattigdomen bland ensamst\u00e5ende"},"content":{"rendered":"<p class=\"preamble\">&#13;<br \/>\n                    Ett riktat till\u00e4gg till barnbidraget f\u00f6r ensamst\u00e5ende mammor och pappor skulle kunna minska b\u00e5de barnfattigdom och behovet av socialbidrag i Sverige. Det visar en ny studie fr\u00e5n Malm\u00f6 universitet. \u201dVi vet att de som \u00e4r egenf\u00f6rs\u00f6rjare \u00e4r mycket mer ekonomiskt utsatta \u00e4n andra barnfamiljer\u201d, s\u00e4ger Tapio Salonen, seniorprofessor i socialt arbete. &#13;\n                <\/p>\n<p>Ensamst\u00e5ende f\u00f6r\u00e4ldrar tillh\u00f6r idag en av de mest ekonomiskt utsatta grupperna i Sverige. De l\u00f6per fyra g\u00e5nger h\u00f6gre risk att hamna i ekonomisk utsatthet \u00e4n sammanboende f\u00f6r\u00e4ldrar.<\/p>\n<p>I den nya underlagsrapporten \u201dEnsamf\u00f6rs\u00f6rjartill\u00e4gg i barnbidraget \u2013 \u00e4ven i Sverige?\u201d f\u00f6resl\u00e5s ett riktat ensamf\u00f6rs\u00f6rjartill\u00e4gg inom det generella barnbidraget \u2013 ett st\u00f6d som redan finns i flera andra nordiska l\u00e4nder.<\/p>\n<p>\u2013\u00a0Jag har f\u00f6ljt den svenska familjepolitiken under m\u00e5nga \u00e5r och har f\u00f6rundrats \u00f6ver att vi inte har det h\u00e4r ensamf\u00f6rs\u00f6rjartill\u00e4gget i barnbidraget. Vi har haft en bild av att det svenska barnbidragssystemet \u00e4r s\u00e5 pass gener\u00f6st att det inte skulle beh\u00f6vas, men det har f\u00f6rs\u00e4mrats under de senaste \u00e5ren, s\u00e4ger rapportf\u00f6rfattaren Tapio Salonen.<\/p>\n<p>Barnbidraget har inte h\u00f6jts\u00a0<\/p>\n<p>Sedan 2018 har barnbidraget legat p\u00e5 1250 kronor, men med tanke p\u00e5 den \u00f6kande inflationen och de stigande levnadskostnaderna borde det ligga 400 kronor h\u00f6gre, enligt Salonen.<\/p>\n<p>I studien har han analyserat hur ett ensamf\u00f6rs\u00f6rjartill\u00e4gg inom barnbidragssystemet skulle sl\u00e5. Med hj\u00e4lp av mikrosimuleringar av cirka 170 000 hush\u00e5ll med ensamst\u00e5ende f\u00f6r\u00e4ldrar och omkring 250 000 barn har tre olika niv\u00e5er testats: 800, 1250 och 1700 kronor per barn och m\u00e5nad.<\/p>\n<blockquote><p>M\u00e5nga ensamf\u00f6rs\u00f6rjare skulle ta sig \u00f6ver fattigdomsstrecket och m\u00e5nga skulle slippa s\u00f6ka sig till kommunens socialkontor<\/p><\/blockquote>\n<p class=\"quote-source\">Tapio Salonen, seniorprofessor i socialt arbete vid Malm\u00f6 universitet<\/p>\n<p>Resultaten visar att ett till\u00e4gg skulle f\u00e5 tydliga effekter p\u00e5 mellan 10\u00a0000 och 20\u00a0000 kronor per barn och \u00e5r beroende p\u00e5 beloppsniv\u00e5erna. Andelen ensamst\u00e5ende f\u00f6r\u00e4ldrar som lever i relativ fattigdom ber\u00e4knas minska fr\u00e5n cirka 42 procent till mellan 33 och 38 procent. Den absoluta fattigdomen skulle samtidigt minska fr\u00e5n 16 procent till mellan 11 och 14 procent.<\/p>\n<p>\u2013 De ensamf\u00f6rs\u00f6rjande hush\u00e5llen best\u00e5r ju till 90 procent av kvinnor. Den h\u00e4r reformen av barnbidraget skulle generellt h\u00f6ja deras inkomststandard, men den skulle ha st\u00f6rst effekt f\u00f6r dem som har de l\u00e4gsta inkomsterna. M\u00e5nga av dem skulle ta sig \u00f6ver fattigdomsstrecket och m\u00e5nga skulle slippa s\u00f6ka sig till kommunens socialkontor, s\u00e4ger Tapio Salonen.<\/p>\n<p>F\u00e4rre beh\u00f6ver s\u00f6ka socialbidrag<\/p>\n<p>Studien pekar p\u00e5 ett minskat behov av kommunalt f\u00f6rs\u00f6rjningsst\u00f6d. Mellan 2000 och 4000 hush\u00e5ll bed\u00f6ms kunna l\u00e4mna socialbidragssystemet, vilket kan minska kommunernas kostnader med upp till omkring 340 miljoner kronor per \u00e5r.<\/p>\n<p>Samtidigt ber\u00e4knas kostnaden f\u00f6r reformen uppg\u00e5 till mellan 2,2 och 4,7 miljarder kronor \u00e5rligen, beroende p\u00e5 vilken beloppsniv\u00e5 som v\u00e4ljs.<\/p>\n<p>\u2013\u00a0Det familjepolitiska omr\u00e5det har varit eftersatt under hela 2000-talet. Reformen \u00e4r ett s\u00e4tt att f\u00f6rs\u00f6ka \u00e5terta ambitionsniv\u00e5n och st\u00e4rka de insatser som riktar sig till dem som \u00e4r s\u00e4rskilt ekonomiskt utsatta i samh\u00e4llet, s\u00e4ger Tapio Salonen.<\/p>\n","protected":false},"excerpt":{"rendered":"&#13; Ett riktat till\u00e4gg till barnbidraget f\u00f6r ensamst\u00e5ende mammor och pappor skulle kunna minska b\u00e5de barnfattigdom och behovet&hellip;\n","protected":false},"author":2,"featured_media":136659,"comment_status":"","ping_status":"","sticky":false,"template":"","format":"standard","meta":{"footnotes":""},"categories":[12],"tags":[22,23,26,27,17,21,24,25,28,29,15,16,18,34,31,33,32,30,19,20],"class_list":{"0":"post-136658","1":"post","2":"type-post","3":"status-publish","4":"format-standard","5":"has-post-thumbnail","7":"category-sverige","8":"tag-breaking-news","9":"tag-breakingnews","10":"tag-featured-news","11":"tag-featurednews","12":"tag-headlines","13":"tag-huvudnyheter","14":"tag-latest-news","15":"tag-latestnews","16":"tag-main-news","17":"tag-mainnews","18":"tag-news","19":"tag-nyheter","20":"tag-rubriker","21":"tag-se","22":"tag-svenska","23":"tag-sverige","24":"tag-sweden","25":"tag-swedish","26":"tag-top-stories","27":"tag-topstories"},"share_on_mastodon":{"url":"https:\/\/pubeurope.com\/@se\/115898107953780324","error":""},"_links":{"self":[{"href":"https:\/\/www.europesays.com\/se\/wp-json\/wp\/v2\/posts\/136658","targetHints":{"allow":["GET"]}}],"collection":[{"href":"https:\/\/www.europesays.com\/se\/wp-json\/wp\/v2\/posts"}],"about":[{"href":"https:\/\/www.europesays.com\/se\/wp-json\/wp\/v2\/types\/post"}],"author":[{"embeddable":true,"href":"https:\/\/www.europesays.com\/se\/wp-json\/wp\/v2\/users\/2"}],"replies":[{"embeddable":true,"href":"https:\/\/www.europesays.com\/se\/wp-json\/wp\/v2\/comments?post=136658"}],"version-history":[{"count":0,"href":"https:\/\/www.europesays.com\/se\/wp-json\/wp\/v2\/posts\/136658\/revisions"}],"wp:featuredmedia":[{"embeddable":true,"href":"https:\/\/www.europesays.com\/se\/wp-json\/wp\/v2\/media\/136659"}],"wp:attachment":[{"href":"https:\/\/www.europesays.com\/se\/wp-json\/wp\/v2\/media?parent=136658"}],"wp:term":[{"taxonomy":"category","embeddable":true,"href":"https:\/\/www.europesays.com\/se\/wp-json\/wp\/v2\/categories?post=136658"},{"taxonomy":"post_tag","embeddable":true,"href":"https:\/\/www.europesays.com\/se\/wp-json\/wp\/v2\/tags?post=136658"}],"curies":[{"name":"wp","href":"https:\/\/api.w.org\/{rel}","templated":true}]}}