{"id":136664,"date":"2026-01-15T08:16:09","date_gmt":"2026-01-15T08:16:09","guid":{"rendered":"https:\/\/www.europesays.com\/se\/136664\/"},"modified":"2026-01-15T08:16:09","modified_gmt":"2026-01-15T08:16:09","slug":"kungen-av-rock-n-roll-inom-generation-w","status":"publish","type":"post","link":"https:\/\/www.europesays.com\/se\/136664\/","title":{"rendered":"Kungen av rock \u2019n\u2019 roll inom generation W"},"content":{"rendered":"<p><a target=\"_blank\" href=\"https:\/\/press.audiopro.se\/posts\/pressreleases\/kungen-av-rock-n-roll-inom-generation-w\" rel=\"nofollow noopener\"><img decoding=\"async\" class=\"image\" src=\"https:\/\/www.europesays.com\/se\/wp-content\/uploads\/2026\/01\/CdcsCgPmSVCnJl6TXD6L.webp\" alt=\"Audio Pro, Drumfire II W\"\/>Audio Pro, Drumfire II W<\/a><\/p>\n<p>Den svenska h\u00f6gtalarutvecklaren Audio Pro lanserar W-generationens version av Drumfire. De tv\u00e5 h\u00f6gtalarmodellerna, Drumfire II W och Drumfire D-2 W, har f\u00f6rb\u00e4ttrats s\u00e5v\u00e4l ljudm\u00e4ssigt som app-m\u00e4ssigt.<\/p>\n<p>N\u00e5gra m\u00e5nader efter lanseringen av den nya W-generationens h\u00f6gtalare som skedde i september, lanserar nu den svenska h\u00f6gtalartillverkaren Audio Pro den saknade pusselbiten f\u00f6r att komplettera hela sitt sortiment av W-generationens h\u00f6gtalare. Drumfire II W och Drumfire D-2 W n\u00e5r inom kort ut i butik och till de konsumenter som \u00f6nskar mer rock\u2019n\u2019roll i sina liv.<\/p>\n<p><img decoding=\"async\" style=\"max-width: 100%; height: auto;\" src=\"https:\/\/www.europesays.com\/se\/wp-content\/uploads\/2026\/01\/dk7bDZZIQnSzbfkIclGb.webp\" alt=\"Audio Pro, Drumfire II W\"\/><\/p>\n<p>Drumfires historia har varit framg\u00e5ngsrik, \u00e4nda sedan f\u00f6retaget lanserade den f\u00f6rsta generationen redan 2018. Och nu g\u00f6r den nya W-versionen av h\u00f6gtalaren att den levererar \u00e4nnu mer kraftfullt ljud och \u00e4ven f\u00f6rb\u00e4ttrar app-upplevelsen avsev\u00e4rt. Drumfire och dess mindre version, Drumfire D-2, har f\u00e5tt ett rykte om sig att leverera bra ljud till s\u00e5v\u00e4l rock\u2019n\u2019roll-anv\u00e4ndare som jazzentusiaster. \u00c4ven ytskiktet av konstl\u00e4der och dess design har gjort att b\u00e5de exteri\u00f6ren och interi\u00f6ren tilltalar denna h\u00e4ngivna kundkrets.<\/p>\n<p><img decoding=\"async\" style=\"max-width: 100%; height: auto;\" src=\"https:\/\/www.europesays.com\/se\/wp-content\/uploads\/2026\/01\/ZYKIYNkCRGuhH0m8aHMs.webp\" alt=\"Audio Pro, Drumfire II W\"\/><\/p>\n<p>Nils Ankarcrona, CEO p\u00e5 Audio Pro, f\u00f6rtydligar: \u201dLanseringen av Drumfire II W \u00e4r den sista i raden av v\u00e5ra W-generationslanseringar, och den g\u00f6r det m\u00f6jligt f\u00f6r oss att nu kunna erbjuda hela v\u00e5rt produktsortiment i denna nya f\u00f6rb\u00e4ttrade generation W; en generation som erbjuder f\u00f6rb\u00e4ttrat ljud, ny app och f\u00f6rfinad design. Vi har haft ett hektiskt 2025 f\u00f6r att kunna leverera alla dessa nya modeller inom en f\u00f6rh\u00e5llandevis kort tidsperiod, men nu har vi \u00e4ntligen n\u00e5tt ett komplett produktsortiment. En helt ny generation av h\u00f6gtalare som vi \u00e4r supern\u00f6jda med.\u201d<\/p>\n<p><img decoding=\"async\" style=\"max-width: 100%; height: auto;\" src=\"https:\/\/www.europesays.com\/se\/wp-content\/uploads\/2026\/01\/yeg0mbEdQd640l02zkPk.webp\" alt=\"Audio Pro, Drumfire II W\"\/><\/p>\n<p><a target=\"_blank\" class=\"btn btn-green me-2 mt-1\" href=\"https:\/\/press.audiopro.se\/posts\/pressreleases\/kungen-av-rock-n-roll-inom-generation-w\" rel=\"nofollow noopener\">Read post on Audio Pro newsroom<\/a><a target=\"_blank\" class=\"btn btn-green mt-1\" href=\"https:\/\/press.audiopro.se\" rel=\"nofollow noopener\">Visit Audio Pro newsroom<\/a>About Audio Pro<\/p>\n<p>Audio Pro is a Swedish company with strong roots in the early HiFi industry. The company has designed, developed and manufactured speakers since 1978 and is today available in over 55 countries globally. Audio Pro launched in the 70\u2019s a range of active speakers with advanced technology and high sound quality, that have become milestones in the history of speakers. Today Audio Pro is still a strong and innovative company, managed with high entrepreneurial spirit, and the active speakers have now been equipped with wireless, multiroom and smart voice-control features. Since 2012 the company have also entered the commercial segment with a range of products for retail and hospitality. The brand Audio Pro Business offers wireless speaker systems for stores, restaurants, hotels etc. In recent years, Audio Pro has increased its focus on more sustainable solutions, by e.g. prolonging the life span of its products.<\/p>\n","protected":false},"excerpt":{"rendered":"Audio Pro, Drumfire II W Den svenska h\u00f6gtalarutvecklaren Audio Pro lanserar W-generationens version av Drumfire. De tv\u00e5 h\u00f6gtalarmodellerna,&hellip;\n","protected":false},"author":2,"featured_media":136665,"comment_status":"","ping_status":"","sticky":false,"template":"","format":"standard","meta":{"footnotes":""},"categories":[66],"tags":[80,78,79,34,31,33,32,30,81,84,83,82],"class_list":{"0":"post-136664","1":"post","2":"type-post","3":"status-publish","4":"format-standard","5":"has-post-thumbnail","7":"category-vetenskap-och-teknik","8":"tag-science","9":"tag-science-and-technology","10":"tag-scienceandtechnology","11":"tag-se","12":"tag-svenska","13":"tag-sverige","14":"tag-sweden","15":"tag-swedish","16":"tag-technology","17":"tag-teknik","18":"tag-vetenskap","19":"tag-vetenskapteknik"},"share_on_mastodon":{"url":"https:\/\/pubeurope.com\/@se\/115898127856122535","error":""},"_links":{"self":[{"href":"https:\/\/www.europesays.com\/se\/wp-json\/wp\/v2\/posts\/136664","targetHints":{"allow":["GET"]}}],"collection":[{"href":"https:\/\/www.europesays.com\/se\/wp-json\/wp\/v2\/posts"}],"about":[{"href":"https:\/\/www.europesays.com\/se\/wp-json\/wp\/v2\/types\/post"}],"author":[{"embeddable":true,"href":"https:\/\/www.europesays.com\/se\/wp-json\/wp\/v2\/users\/2"}],"replies":[{"embeddable":true,"href":"https:\/\/www.europesays.com\/se\/wp-json\/wp\/v2\/comments?post=136664"}],"version-history":[{"count":0,"href":"https:\/\/www.europesays.com\/se\/wp-json\/wp\/v2\/posts\/136664\/revisions"}],"wp:featuredmedia":[{"embeddable":true,"href":"https:\/\/www.europesays.com\/se\/wp-json\/wp\/v2\/media\/136665"}],"wp:attachment":[{"href":"https:\/\/www.europesays.com\/se\/wp-json\/wp\/v2\/media?parent=136664"}],"wp:term":[{"taxonomy":"category","embeddable":true,"href":"https:\/\/www.europesays.com\/se\/wp-json\/wp\/v2\/categories?post=136664"},{"taxonomy":"post_tag","embeddable":true,"href":"https:\/\/www.europesays.com\/se\/wp-json\/wp\/v2\/tags?post=136664"}],"curies":[{"name":"wp","href":"https:\/\/api.w.org\/{rel}","templated":true}]}}