{"id":136668,"date":"2026-01-15T08:18:09","date_gmt":"2026-01-15T08:18:09","guid":{"rendered":"https:\/\/www.europesays.com\/se\/136668\/"},"modified":"2026-01-15T08:18:09","modified_gmt":"2026-01-15T08:18:09","slug":"borgmastaren-mycket-svart-lage-i-kiev-vasterbottens-kuriren","status":"publish","type":"post","link":"https:\/\/www.europesays.com\/se\/136668\/","title":{"rendered":"Borgm\u00e4staren: Mycket sv\u00e5rt l\u00e4ge i Kiev &#8211; V\u00e4sterbottens-Kuriren"},"content":{"rendered":"<ol>\n<li><a href=\"https:\/\/news.google.com\/rss\/articles\/CBMifEFVX3lxTE5ndkJXcDRZUW9CMHFBQm5KbUtOZFFBYUVJeEFieXhleWlZZ2UzOXlkbkF6TlNTRUpUcWZnMUhaczI2aF9rWl8ycXdqM0NDaEh0LVduVkVUMVk1SFIyNXBRRW9sRkRZLVRYQU9hRDBoZ2d4NTlpOUtYRGNuZGQ?oc=5\" target=\"_blank\" rel=\"nofollow noopener\">Borgm\u00e4staren: Mycket sv\u00e5rt l\u00e4ge i Kiev<\/a>&nbsp;&nbsp;V\u00e4sterbottens-Kuriren<\/li>\n<li><a href=\"https:\/\/news.google.com\/rss\/articles\/CBMisgFBVV95cUxONVJUcU5PRGhUOExaTjFuaS1Sc0JYWjN0SEJXRnhVWU1YajAwejJ1Vi1mLTM4SWtrT3hveG9EajR6Q3lHSjRfTDdIeDhpV3VsbWUxOGQ3NTBITVd4WDRhWmJBWXJucnlqWU5aUnJLT29xdHg5U0MyXzBXSGJxa2NaLTVRUXRISnhlbXpQX0Njd1A3c0RpUHp2QjdnV1h5WDNfMWNnOU90ZDlkdEpIVzdZZ1B3?oc=5\" target=\"_blank\" rel=\"nofollow noopener\">Borgm\u00e4staren: Mycket sv\u00e5rt l\u00e4ge i Kiev \u2013 Senaste nytt om kriget i Ukraina<\/a>&nbsp;&nbsp;SVT Nyheter<\/li>\n<li><a href=\"https:\/\/news.google.com\/rss\/articles\/CBMimAFBVV95cUxQNzZYbUtiV25EeGpONFRlZVFuWVowanVDWHB2LUdhYjNaSElYQjJZUVg4ZVZVYzgtc3R5QndqS1R5SllKZU5tS2xkY3EwemxhQ3Nab1RiLWM3X05hbVFmNFZhNUdEeFVTdkx3TlV4dVYyWG4yM0hXX2pReEpOaHpPbGpaRXNfelA4aVBxQ2NhZ3NKZmZWVW4tWA?oc=5\" target=\"_blank\" rel=\"nofollow noopener\">Ryska attacker sl\u00e5r ut elen i iskallt Kiev: \u201dLivet \u00e4r h\u00e5rt\u201d<\/a>&nbsp;&nbsp;Sveriges Radio<\/li>\n<li><a href=\"https:\/\/news.google.com\/rss\/articles\/CBMiakFVX3lxTFBaZjZJZ2owQnpld3QxcWRxaXNmaTlObHJsSVpsSHpsZkxRdFhhVktubmN0aFlzQTl0YUhsUzNoQnlCZ2Z6eFk5RmNYOHF2Z0ZiVWMtZTdkRmVFMVNQZGFjVmpTTUZ5ZlpIdUE?oc=5\" target=\"_blank\" rel=\"nofollow noopener\">M\u00f6tet i Washington avslutat<\/a>&nbsp;&nbsp;SvD<\/li>\n<li><a href=\"https:\/\/news.google.com\/rss\/articles\/CBMijgFBVV95cUxOeV9lMEtTT2xiYi0yVG93Y3Z1UXlpZGhzaWE0dHpyQy1Ta0lXdkw4U3BScloyLWl6dllENjRqQ1l5V1A0ZjY3MTlBT1dBR0xWMXI0T3o4UGUxT244Z0JjN0p1SEpVM1dsekNhbU9lbU9FMHp5MUN3MTBWR2JIb2dFSVZMZkFFRkxYdm56SFBB?oc=5\" target=\"_blank\" rel=\"nofollow noopener\">J\u00e4tteattack mot Zelenskyjs hemstad i natt<\/a>&nbsp;&nbsp;Aftonbladet<\/li>\n<\/ol>\n","protected":false},"excerpt":{"rendered":"Borgm\u00e4staren: Mycket sv\u00e5rt l\u00e4ge i Kiev&nbsp;&nbsp;V\u00e4sterbottens-Kuriren Borgm\u00e4staren: Mycket sv\u00e5rt l\u00e4ge i Kiev \u2013 Senaste nytt om kriget i&hellip;\n","protected":false},"author":2,"featured_media":136669,"comment_status":"","ping_status":"","sticky":false,"template":"","format":"standard","meta":{"footnotes":""},"categories":[14],"tags":[22,23,26,27,17,21,24,25,28,29,15,16,18,34,31,33,32,30,19,20,51,52,53,54],"class_list":{"0":"post-136668","1":"post","2":"type-post","3":"status-publish","4":"format-standard","5":"has-post-thumbnail","7":"category-varlden","8":"tag-breaking-news","9":"tag-breakingnews","10":"tag-featured-news","11":"tag-featurednews","12":"tag-headlines","13":"tag-huvudnyheter","14":"tag-latest-news","15":"tag-latestnews","16":"tag-main-news","17":"tag-mainnews","18":"tag-news","19":"tag-nyheter","20":"tag-rubriker","21":"tag-se","22":"tag-svenska","23":"tag-sverige","24":"tag-sweden","25":"tag-swedish","26":"tag-top-stories","27":"tag-topstories","28":"tag-varlden","29":"tag-world","30":"tag-world-news","31":"tag-worldnews"},"share_on_mastodon":{"url":"https:\/\/pubeurope.com\/@se\/115898135654083437","error":""},"_links":{"self":[{"href":"https:\/\/www.europesays.com\/se\/wp-json\/wp\/v2\/posts\/136668","targetHints":{"allow":["GET"]}}],"collection":[{"href":"https:\/\/www.europesays.com\/se\/wp-json\/wp\/v2\/posts"}],"about":[{"href":"https:\/\/www.europesays.com\/se\/wp-json\/wp\/v2\/types\/post"}],"author":[{"embeddable":true,"href":"https:\/\/www.europesays.com\/se\/wp-json\/wp\/v2\/users\/2"}],"replies":[{"embeddable":true,"href":"https:\/\/www.europesays.com\/se\/wp-json\/wp\/v2\/comments?post=136668"}],"version-history":[{"count":0,"href":"https:\/\/www.europesays.com\/se\/wp-json\/wp\/v2\/posts\/136668\/revisions"}],"wp:featuredmedia":[{"embeddable":true,"href":"https:\/\/www.europesays.com\/se\/wp-json\/wp\/v2\/media\/136669"}],"wp:attachment":[{"href":"https:\/\/www.europesays.com\/se\/wp-json\/wp\/v2\/media?parent=136668"}],"wp:term":[{"taxonomy":"category","embeddable":true,"href":"https:\/\/www.europesays.com\/se\/wp-json\/wp\/v2\/categories?post=136668"},{"taxonomy":"post_tag","embeddable":true,"href":"https:\/\/www.europesays.com\/se\/wp-json\/wp\/v2\/tags?post=136668"}],"curies":[{"name":"wp","href":"https:\/\/api.w.org\/{rel}","templated":true}]}}