{"id":136670,"date":"2026-01-15T08:19:08","date_gmt":"2026-01-15T08:19:08","guid":{"rendered":"https:\/\/www.europesays.com\/se\/136670\/"},"modified":"2026-01-15T08:19:08","modified_gmt":"2026-01-15T08:19:08","slug":"egenvarde-som-grund-for-empati-hos-unga","status":"publish","type":"post","link":"https:\/\/www.europesays.com\/se\/136670\/","title":{"rendered":"Egenv\u00e4rde som grund f\u00f6r empati hos unga"},"content":{"rendered":"<p>&#13;<br \/>\n                                &#13;<\/p>\n<p>En ny studie fr\u00e5n H\u00f6gskolan Kristianstad visar att egenv\u00e4rde \u2013 hur unga v\u00e4rderar sig sj\u00e4lv och sin egen kompetens \u2013 \u00e4r en grund f\u00f6r hur empati kan f\u00f6rst\u00e5s och m\u00e4tas hos unga. \u00a0<\/p>\n<p>&#13;<br \/>\n&#13;<br \/>\n&#13;<br \/>\n   &#13;<br \/>\n                        &#13;<br \/>\n                                &#13;<\/p>\n<p><img loading=\"lazy\" decoding=\"async\" src=\"https:\/\/www.europesays.com\/se\/wp-content\/uploads\/2026\/01\/hkr.gymnasieungdomar.jpg\" alt=\"ungdomar\" width=\"760\" height=\"507\"\/><\/p>\n<p>\u2013 Att f\u00f6rst\u00e5 vad som ger unga personer resurser f\u00f6r att utvecklas och k\u00e4nna att man utvecklas \u00e4r viktigt men inte helt enkelt. I den h\u00e4r studien har ett fr\u00e5geformul\u00e4r testats som syftar till att f\u00e5nga unga personers upplevelser av positiv utveckling, till exempel hur de ser p\u00e5 sig sj\u00e4lva och hur de relaterar till andra, s\u00e4ger Johanna Bergman, doktorand vid H\u00f6gskolan Kristianstad.<\/p>\n<p>Instrumentet som anv\u00e4nts \u2013 5C PYD-VSF \u2013 bygger p\u00e5 en internationell forskningsteori som kallas 5C Positive Youth Development och har nu validerats f\u00f6r anv\u00e4ndning i Sverige. Genom \u00f6vers\u00e4ttning och kognitiva intervjuer har det anpassats till svenska f\u00f6rh\u00e5llanden.<\/p>\n<p>430 unga personer i gymnasie\u00e5ldern fr\u00e5n s\u00f6dra Sverige har deltagit i studien. Genom att analysera deras svar unders\u00f6ktes om fr\u00e5gorna verkligen m\u00e4ter det som de \u00e4r t\u00e4nkta att m\u00e4ta, det vill s\u00e4ga om verktyget fungerar p\u00e5 ett tillf\u00f6rlitligt s\u00e4tt.\u00a0Resultaten visar att fr\u00e5geformul\u00e4ret f\u00e5ngar tv\u00e5 viktiga delar av unga personers positiva utveckling: egenv\u00e4rde \u2013 hur man ser p\u00e5 och v\u00e4rderar sig sj\u00e4lv \u2013 och empati och hj\u00e4lpsamhet, det vill s\u00e4ga viljan och f\u00f6rm\u00e5gan att bry sig om andra personer. Ett centralt resultat \u00e4r att ett starkt egenv\u00e4rde verkar vara en grund f\u00f6r att unga ska kunna k\u00e4nna empati och vilja hj\u00e4lpa andra.\u00a0<\/p>\n<p>Studien \u00e4r ett f\u00f6rsta steg f\u00f6r att kunna anv\u00e4nda fr\u00e5geformul\u00e4ret i framtida forskning om unga och deras utveckling. Framf\u00f6rallt kan det anv\u00e4ndas f\u00f6r att f\u00e5 kunskap om hur olika arenor s\u00e5 som skola, idrott eller annan f\u00f6reningsaktivitet p\u00e5verkar upplevelsen av en positiv ungdomsutveckling.<\/p>\n<p><a href=\"https:\/\/journals.plos.org\/plosone\/article?id=10.1371\/journal.pone.0340051\" rel=\"nofollow noopener\" target=\"_blank\">L\u00e4s den vetenskapliga artikeln, Exploring the dimensionality of the 5C positive youth development very short form using Rasch measurement theory in Swedish upper secondary school contexts.\u00a0<\/a><\/p>\n<p>&#13;<br \/>\n&#13;<br \/>\n&#13;<br \/>\n   &#13;<\/p>\n","protected":false},"excerpt":{"rendered":"&#13; &#13; En ny studie fr\u00e5n H\u00f6gskolan Kristianstad visar att egenv\u00e4rde \u2013 hur unga v\u00e4rderar sig sj\u00e4lv och&hellip;\n","protected":false},"author":2,"featured_media":136671,"comment_status":"","ping_status":"","sticky":false,"template":"","format":"standard","meta":{"footnotes":""},"categories":[12],"tags":[22,23,26,27,17,21,24,25,28,29,15,16,18,34,31,33,32,30,19,20],"class_list":{"0":"post-136670","1":"post","2":"type-post","3":"status-publish","4":"format-standard","5":"has-post-thumbnail","7":"category-sverige","8":"tag-breaking-news","9":"tag-breakingnews","10":"tag-featured-news","11":"tag-featurednews","12":"tag-headlines","13":"tag-huvudnyheter","14":"tag-latest-news","15":"tag-latestnews","16":"tag-main-news","17":"tag-mainnews","18":"tag-news","19":"tag-nyheter","20":"tag-rubriker","21":"tag-se","22":"tag-svenska","23":"tag-sverige","24":"tag-sweden","25":"tag-swedish","26":"tag-top-stories","27":"tag-topstories"},"share_on_mastodon":{"url":"https:\/\/pubeurope.com\/@se\/115898139475756619","error":""},"_links":{"self":[{"href":"https:\/\/www.europesays.com\/se\/wp-json\/wp\/v2\/posts\/136670","targetHints":{"allow":["GET"]}}],"collection":[{"href":"https:\/\/www.europesays.com\/se\/wp-json\/wp\/v2\/posts"}],"about":[{"href":"https:\/\/www.europesays.com\/se\/wp-json\/wp\/v2\/types\/post"}],"author":[{"embeddable":true,"href":"https:\/\/www.europesays.com\/se\/wp-json\/wp\/v2\/users\/2"}],"replies":[{"embeddable":true,"href":"https:\/\/www.europesays.com\/se\/wp-json\/wp\/v2\/comments?post=136670"}],"version-history":[{"count":0,"href":"https:\/\/www.europesays.com\/se\/wp-json\/wp\/v2\/posts\/136670\/revisions"}],"wp:featuredmedia":[{"embeddable":true,"href":"https:\/\/www.europesays.com\/se\/wp-json\/wp\/v2\/media\/136671"}],"wp:attachment":[{"href":"https:\/\/www.europesays.com\/se\/wp-json\/wp\/v2\/media?parent=136670"}],"wp:term":[{"taxonomy":"category","embeddable":true,"href":"https:\/\/www.europesays.com\/se\/wp-json\/wp\/v2\/categories?post=136670"},{"taxonomy":"post_tag","embeddable":true,"href":"https:\/\/www.europesays.com\/se\/wp-json\/wp\/v2\/tags?post=136670"}],"curies":[{"name":"wp","href":"https:\/\/api.w.org\/{rel}","templated":true}]}}