{"id":136680,"date":"2026-01-15T08:25:09","date_gmt":"2026-01-15T08:25:09","guid":{"rendered":"https:\/\/www.europesays.com\/se\/136680\/"},"modified":"2026-01-15T08:25:09","modified_gmt":"2026-01-15T08:25:09","slug":"brist-pa-notkott-kan-paga-i-fyra-ar","status":"publish","type":"post","link":"https:\/\/www.europesays.com\/se\/136680\/","title":{"rendered":"Brist p\u00e5 n\u00f6tk\u00f6tt kan p\u00e5g\u00e5 i fyra \u00e5r"},"content":{"rendered":"<p>Varf\u00f6r har m\u00e5nga svenska k\u00f6ttdiskar varit tomma p\u00e5 n\u00f6tf\u00e4rs och vissa styckdetaljer de senaste dagarna? V\u00e4der och trafikproblem kan p\u00e5verka lokalt, men en l\u00e5ngvarig brist p\u00e5 n\u00f6tkreatur \u00e4r huvudorsaken, skriver DN. <\/p>\n<p>\u2013 Visst kan v\u00e4der skapa krusningar p\u00e5 ytan. Men k\u00f6ttbristen har mer strukturella orsaker, s\u00e4ger Isabel Moretti, vd f\u00f6r branschorganisationen Svenskt K\u00f6tt.<\/p>\n<p>Hon s\u00e4ger att det kan ta tid att v\u00e4nda trenden, eftersom n\u00f6tk\u00f6tt inte fungerar som annan livsmedelsproduktion som kan skruvas upp snabbt. Det tar tid att f\u00f6da upp nya djur och Morettis bed\u00f6mning \u00e4r att det kan ta tre till fyra \u00e5r innan svenskarna ser mer k\u00f6tt i butiken, skriver tidningen. <\/p>\n<p>Omni \u00e4r politiskt obundna och oberoende. Vi str\u00e4var efter att ge fler perspektiv p\u00e5 nyheterna. Har du fr\u00e5gor eller synpunkter kring v\u00e5r rapportering? <a href=\"https:\/\/omni.se\/brist-pa-notkott-kan-paga-i-fyra-ar\/a\/mailto:redaktion@omni.se\" class=\"ArticleActions_contactLink__W2F1M\" rel=\"nofollow noopener\" target=\"_blank\">Kontakta redaktionen<\/a><\/p>\n","protected":false},"excerpt":{"rendered":"Varf\u00f6r har m\u00e5nga svenska k\u00f6ttdiskar varit tomma p\u00e5 n\u00f6tf\u00e4rs och vissa styckdetaljer de senaste dagarna? V\u00e4der och trafikproblem&hellip;\n","protected":false},"author":2,"featured_media":136681,"comment_status":"","ping_status":"","sticky":false,"template":"","format":"standard","meta":{"footnotes":""},"categories":[65],"tags":[72,70,71,705,491,409,34,820,31,33,32,30],"class_list":{"0":"post-136680","1":"post","2":"type-post","3":"status-publish","4":"format-standard","5":"has-post-thumbnail","7":"category-ekonomi","8":"tag-business","9":"tag-economy","10":"tag-ekonomi","11":"tag-jordbruk","12":"tag-livsmedelsindustri","13":"tag-mat-dryck","14":"tag-se","15":"tag-skogsbruk-fiske","16":"tag-svenska","17":"tag-sverige","18":"tag-sweden","19":"tag-swedish"},"share_on_mastodon":{"url":"https:\/\/pubeurope.com\/@se\/115898163125462546","error":""},"_links":{"self":[{"href":"https:\/\/www.europesays.com\/se\/wp-json\/wp\/v2\/posts\/136680","targetHints":{"allow":["GET"]}}],"collection":[{"href":"https:\/\/www.europesays.com\/se\/wp-json\/wp\/v2\/posts"}],"about":[{"href":"https:\/\/www.europesays.com\/se\/wp-json\/wp\/v2\/types\/post"}],"author":[{"embeddable":true,"href":"https:\/\/www.europesays.com\/se\/wp-json\/wp\/v2\/users\/2"}],"replies":[{"embeddable":true,"href":"https:\/\/www.europesays.com\/se\/wp-json\/wp\/v2\/comments?post=136680"}],"version-history":[{"count":0,"href":"https:\/\/www.europesays.com\/se\/wp-json\/wp\/v2\/posts\/136680\/revisions"}],"wp:featuredmedia":[{"embeddable":true,"href":"https:\/\/www.europesays.com\/se\/wp-json\/wp\/v2\/media\/136681"}],"wp:attachment":[{"href":"https:\/\/www.europesays.com\/se\/wp-json\/wp\/v2\/media?parent=136680"}],"wp:term":[{"taxonomy":"category","embeddable":true,"href":"https:\/\/www.europesays.com\/se\/wp-json\/wp\/v2\/categories?post=136680"},{"taxonomy":"post_tag","embeddable":true,"href":"https:\/\/www.europesays.com\/se\/wp-json\/wp\/v2\/tags?post=136680"}],"curies":[{"name":"wp","href":"https:\/\/api.w.org\/{rel}","templated":true}]}}