{"id":136682,"date":"2026-01-15T08:26:08","date_gmt":"2026-01-15T08:26:08","guid":{"rendered":"https:\/\/www.europesays.com\/se\/136682\/"},"modified":"2026-01-15T08:26:08","modified_gmt":"2026-01-15T08:26:08","slug":"gripna-vid-karnkraftverk-doms-till-boter","status":"publish","type":"post","link":"https:\/\/www.europesays.com\/se\/136682\/","title":{"rendered":"Gripna vid k\u00e4rnkraftverk d\u00f6ms till b\u00f6ter"},"content":{"rendered":"<p>share-arrowDela<\/p>\n<p>unsaveSpara<\/p>\n<p>expand-left<\/p>\n<p>helsk\u00e4rm<img decoding=\"async\" class=\"image-asset hyperion-css-u06ts1\" data-test-tag=\"image-asset\" src=\"https:\/\/www.europesays.com\/se\/wp-content\/uploads\/2026\/01\/bc5700c0-e3c6-4701-ae00-fd48e13dded4.jpeg\"  alt=\"Tv\u00e5 m\u00e4n som greps utanf\u00f6r OKG, k\u00e4rnkraftverket i Oskarshamn, var inledningsvis misst\u00e4nkta f\u00f6r spioneri. I bilen hade de bland annat en karta \u00f6ver anl\u00e4ggningen. Arkivbild.\"  loading=\"eager\" fetchpriority=\"high\" style=\"aspect-ratio:1900 \/ 1266\"\/>Tv\u00e5 m\u00e4n som greps utanf\u00f6r OKG, k\u00e4rnkraftverket i Oskarshamn, var inledningsvis misst\u00e4nkta f\u00f6r spioneri. I bilen hade de bland annat en karta \u00f6ver anl\u00e4ggningen. Arkivbild. Foto: Fredrik Sandberg\/TT<\/p>\n<p class=\"hyperion-css-1shl3oz\" data-test-tag=\"lead-text\">De b\u00e5da m\u00e4n som greps utanf\u00f6r k\u00e4rnkraftverket i Oskarshamn och inledningsvis var misst\u00e4nkta f\u00f6r spioneri har nu d\u00f6mts f\u00f6r olovlig avbildning av skyddsobjekt, rapporterar P4 Kalmar.<\/p>\n<p class=\"hyperion-css-1v9qo5x\">Domen blir 40 dagsb\u00f6ter vardera f\u00f6r de b\u00e5da m\u00e4nnen, som \u00e4r far och son och polska medborgare. Eftersom m\u00e4nnen erk\u00e4nt h\u00f6lls ingen f\u00f6rhandling i tingsr\u00e4tten.<\/p>\n<p class=\"hyperion-css-1v9qo5x\">Vid gripandet i mars f\u00f6rra \u00e5ret hade m\u00e4nnen en karta \u00f6ver k\u00e4rnkraftsanl\u00e4ggningen i bilen, d\u00e4rtill kikare och geigerm\u00e4tare. I pappans mobiltelefon hittade polisen bland annat foton p\u00e5 sonen d\u00e5 han poserar vid k\u00e4rnkraftverket if\u00f6rd en m\u00f6ssa med ett sovjetiskt emblem.<\/p>\n<p class=\"hyperion-css-1v9qo5x\">M\u00e4nnen har sj\u00e4lva uppgett att de \u00e4r v\u00e4ldigt intresserade av k\u00e4rnkraftverk och att de rest till Sverige f\u00f6r att bes\u00f6ka OKG, har Barometern tidigare rapporterat.<\/p>\n","protected":false},"excerpt":{"rendered":"share-arrowDela unsaveSpara expand-left helsk\u00e4rmTv\u00e5 m\u00e4n som greps utanf\u00f6r OKG, k\u00e4rnkraftverket i Oskarshamn, var inledningsvis misst\u00e4nkta f\u00f6r spioneri. I&hellip;\n","protected":false},"author":2,"featured_media":136683,"comment_status":"","ping_status":"","sticky":false,"template":"","format":"standard","meta":{"footnotes":""},"categories":[14],"tags":[22,23,26,27,17,21,24,25,28,29,15,16,18,34,31,33,32,30,19,20,51,52,53,54],"class_list":{"0":"post-136682","1":"post","2":"type-post","3":"status-publish","4":"format-standard","5":"has-post-thumbnail","7":"category-varlden","8":"tag-breaking-news","9":"tag-breakingnews","10":"tag-featured-news","11":"tag-featurednews","12":"tag-headlines","13":"tag-huvudnyheter","14":"tag-latest-news","15":"tag-latestnews","16":"tag-main-news","17":"tag-mainnews","18":"tag-news","19":"tag-nyheter","20":"tag-rubriker","21":"tag-se","22":"tag-svenska","23":"tag-sverige","24":"tag-sweden","25":"tag-swedish","26":"tag-top-stories","27":"tag-topstories","28":"tag-varlden","29":"tag-world","30":"tag-world-news","31":"tag-worldnews"},"share_on_mastodon":{"url":"https:\/\/pubeurope.com\/@se\/115898167045492201","error":""},"_links":{"self":[{"href":"https:\/\/www.europesays.com\/se\/wp-json\/wp\/v2\/posts\/136682","targetHints":{"allow":["GET"]}}],"collection":[{"href":"https:\/\/www.europesays.com\/se\/wp-json\/wp\/v2\/posts"}],"about":[{"href":"https:\/\/www.europesays.com\/se\/wp-json\/wp\/v2\/types\/post"}],"author":[{"embeddable":true,"href":"https:\/\/www.europesays.com\/se\/wp-json\/wp\/v2\/users\/2"}],"replies":[{"embeddable":true,"href":"https:\/\/www.europesays.com\/se\/wp-json\/wp\/v2\/comments?post=136682"}],"version-history":[{"count":0,"href":"https:\/\/www.europesays.com\/se\/wp-json\/wp\/v2\/posts\/136682\/revisions"}],"wp:featuredmedia":[{"embeddable":true,"href":"https:\/\/www.europesays.com\/se\/wp-json\/wp\/v2\/media\/136683"}],"wp:attachment":[{"href":"https:\/\/www.europesays.com\/se\/wp-json\/wp\/v2\/media?parent=136682"}],"wp:term":[{"taxonomy":"category","embeddable":true,"href":"https:\/\/www.europesays.com\/se\/wp-json\/wp\/v2\/categories?post=136682"},{"taxonomy":"post_tag","embeddable":true,"href":"https:\/\/www.europesays.com\/se\/wp-json\/wp\/v2\/tags?post=136682"}],"curies":[{"name":"wp","href":"https:\/\/api.w.org\/{rel}","templated":true}]}}