{"id":136686,"date":"2026-01-15T08:28:13","date_gmt":"2026-01-15T08:28:13","guid":{"rendered":"https:\/\/www.europesays.com\/se\/136686\/"},"modified":"2026-01-15T08:28:13","modified_gmt":"2026-01-15T08:28:13","slug":"sexforbrytare-placeras-i-barnverksamheter","status":"publish","type":"post","link":"https:\/\/www.europesays.com\/se\/136686\/","title":{"rendered":"Sexf\u00f6rbrytare placeras i barnverksamheter"},"content":{"rendered":"<p>Flera m\u00e4n som d\u00f6mts till samh\u00e4llstj\u00e4nst f\u00f6r sexbrott avtj\u00e4nar sina straff i barnverksamheter, enligt en granskning fr\u00e5n SVT Nyheter Sk\u00e5ne. <\/p>\n<p>I minst 17 fall under de senaste tv\u00e5 \u00e5ren har sexbrottsd\u00f6mda f\u00e5tt avtj\u00e4na straff i f\u00f6reningar med aktiviteter f\u00f6r barn och unga. Till exempel har en man som d\u00f6mts f\u00f6r sexuellt utnyttjande av barn placerats i en f\u00f6rening d\u00e4r han f\u00e5tt pyssla och spela spel tillsammans med barn. <\/p>\n<p>\u2013 Jag t\u00e4nkte, vad fan h\u00e5ller de p\u00e5 med? Jag borde aldrig ha varit d\u00e4r, med tanke p\u00e5 vad jag \u00e4r d\u00f6md f\u00f6r, s\u00e4ger han sj\u00e4lv till SVT.<\/p>\n<p>Kriminalv\u00e5rden medger att placeringarna f\u00f6refaller ol\u00e4mpliga och att rutinerna beh\u00f6ver ses \u00f6ver. <\/p>\n<p>\u2013 Att skydda barn och unga \u00e4r ju sj\u00e4lvklart nummer ett. Det \u00e4r ett j\u00e4ttestort ansvar och vi ska g\u00f6ra allt vi kan f\u00f6r att undvika placeringar som \u00e4r ol\u00e4mpliga, s\u00e4ger Henrik Sv\u00e4rd som \u00e4r lokal friv\u00e5rdschef p\u00e5 Kriminalv\u00e5rden.<\/p>\n<p>Omni \u00e4r politiskt obundna och oberoende. Vi str\u00e4var efter att ge fler perspektiv p\u00e5 nyheterna. Har du fr\u00e5gor eller synpunkter kring v\u00e5r rapportering? <a href=\"https:\/\/omni.se\/sexforbrytare-placeras-i-barnverksamheter\/a\/mailto:redaktion@omni.se\" class=\"ArticleActions_contactLink__W2F1M\" rel=\"nofollow noopener\" target=\"_blank\">Kontakta redaktionen<\/a><\/p>\n","protected":false},"excerpt":{"rendered":"Flera m\u00e4n som d\u00f6mts till samh\u00e4llstj\u00e4nst f\u00f6r sexbrott avtj\u00e4nar sina straff i barnverksamheter, enligt en granskning fr\u00e5n SVT&hellip;\n","protected":false},"author":2,"featured_media":136687,"comment_status":"","ping_status":"","sticky":false,"template":"","format":"standard","meta":{"footnotes":""},"categories":[5],"tags":[22,23,26,27,17,21,1560,120,24,25,28,29,15,16,18,34,389,31,33,32,30,19,20],"class_list":{"0":"post-136686","1":"post","2":"type-post","3":"status-publish","4":"format-standard","5":"has-post-thumbnail","7":"category-rubriker","8":"tag-breaking-news","9":"tag-breakingnews","10":"tag-featured-news","11":"tag-featurednews","12":"tag-headlines","13":"tag-huvudnyheter","14":"tag-kriminalvarden","15":"tag-lag-ratt","16":"tag-latest-news","17":"tag-latestnews","18":"tag-main-news","19":"tag-mainnews","20":"tag-news","21":"tag-nyheter","22":"tag-rubriker","23":"tag-se","24":"tag-skane-lan","25":"tag-svenska","26":"tag-sverige","27":"tag-sweden","28":"tag-swedish","29":"tag-top-stories","30":"tag-topstories"},"share_on_mastodon":{"url":"https:\/\/pubeurope.com\/@se\/115898174834960632","error":""},"_links":{"self":[{"href":"https:\/\/www.europesays.com\/se\/wp-json\/wp\/v2\/posts\/136686","targetHints":{"allow":["GET"]}}],"collection":[{"href":"https:\/\/www.europesays.com\/se\/wp-json\/wp\/v2\/posts"}],"about":[{"href":"https:\/\/www.europesays.com\/se\/wp-json\/wp\/v2\/types\/post"}],"author":[{"embeddable":true,"href":"https:\/\/www.europesays.com\/se\/wp-json\/wp\/v2\/users\/2"}],"replies":[{"embeddable":true,"href":"https:\/\/www.europesays.com\/se\/wp-json\/wp\/v2\/comments?post=136686"}],"version-history":[{"count":0,"href":"https:\/\/www.europesays.com\/se\/wp-json\/wp\/v2\/posts\/136686\/revisions"}],"wp:featuredmedia":[{"embeddable":true,"href":"https:\/\/www.europesays.com\/se\/wp-json\/wp\/v2\/media\/136687"}],"wp:attachment":[{"href":"https:\/\/www.europesays.com\/se\/wp-json\/wp\/v2\/media?parent=136686"}],"wp:term":[{"taxonomy":"category","embeddable":true,"href":"https:\/\/www.europesays.com\/se\/wp-json\/wp\/v2\/categories?post=136686"},{"taxonomy":"post_tag","embeddable":true,"href":"https:\/\/www.europesays.com\/se\/wp-json\/wp\/v2\/tags?post=136686"}],"curies":[{"name":"wp","href":"https:\/\/api.w.org\/{rel}","templated":true}]}}