{"id":136692,"date":"2026-01-15T08:33:11","date_gmt":"2026-01-15T08:33:11","guid":{"rendered":"https:\/\/www.europesays.com\/se\/136692\/"},"modified":"2026-01-15T08:33:11","modified_gmt":"2026-01-15T08:33:11","slug":"kallelse-till-extra-bolagsstamma-i-convendum-corporation-ab-publ-den-11-februari-2026","status":"publish","type":"post","link":"https:\/\/www.europesays.com\/se\/136692\/","title":{"rendered":"Kallelse till extra bolagsst\u00e4mma i Convendum Corporation AB (publ) den 11 februari 2026"},"content":{"rendered":"<p>R\u00e4tt att delta<\/p>\n<p>Aktie\u00e4gare som \u00f6nskar delta p\u00e5 st\u00e4mman ska:<\/p>\n<ul>\n<li>dels vara inf\u00f6rd i den av Euroclear Sweden AB f\u00f6rda aktieboken p\u00e5 avst\u00e4mningsdagen som \u00e4r tisdagen den 3 februari 2026, samt<\/li>\n<li>dels senast torsdagen den 5 februari 2026, ha anm\u00e4lt sitt deltagande och eventuellt bitr\u00e4de till bolaget; antingen skriftligen till Convendum Corporation AB, attention H\u00e5kan Jeppsson, Box 3359, 103 67 Stockholm eller via e-post till <a href=\"https:\/\/via.tt.se\/pressmeddelande\/4210526\/mailto:hakan.jeppsson@convendum.se\" rel=\"nofollow noopener\" target=\"_blank\">hakan.jeppsson@convendum.se<\/a>.<\/li>\n<\/ul>\n<p>Vid anm\u00e4lan uppges aktie\u00e4garens namn, person- eller organisationsnummer (eller motsvarande), adress, telefonnummer dagtid, aktieinnehav samt, i f\u00f6rekommande fall, uppgift om st\u00e4llf\u00f6retr\u00e4dare, ombud och bitr\u00e4den (h\u00f6gst tv\u00e5).<\/p>\n<p>F\u00f6rvaltarregistrerade aktier<\/p>\n<p>F\u00f6rutom att anm\u00e4la sig m\u00e5ste aktie\u00e4gare, som har sina aktier f\u00f6rvaltarregistrerade genom bank eller annan f\u00f6rvaltare, beg\u00e4ra att f\u00f6ras in i aktieboken i eget namn (s\u00e5 kallad r\u00f6str\u00e4ttsregistrering). S\u00e5dan aktie\u00e4gare m\u00e5ste omregistrera sina aktier i eget namn s\u00e5 att aktie\u00e4garen \u00e4r registrerad i den av Euroclear Sweden AB f\u00f6rda aktieboken per avst\u00e4mningsdagen tisdagen den 3 februari 2026. Aktie\u00e4gare som \u00f6nskar registrera sina aktier i eget namn m\u00e5ste, i enlighet med respektive f\u00f6rvaltares rutiner, beg\u00e4ra att f\u00f6rvaltaren g\u00f6r s\u00e5dan registrering. R\u00f6str\u00e4ttsregistrering som av aktie\u00e4gare har beg\u00e4rts i s\u00e5dan tid att registreringen har gjorts av f\u00f6rvaltaren senast torsdagen den 5 februari 2026 kommer att beaktas vid framst\u00e4llningen av aktieboken.<\/p>\n<p>Ombud och fullmaktsformul\u00e4r<\/p>\n<p>Aktie\u00e4gare som f\u00f6retr\u00e4ds genom ombud ska utf\u00e4rda skriftlig av aktie\u00e4garen undertecknad och daterad fullmakt f\u00f6r ombudet. Den som f\u00f6retr\u00e4der en juridisk person ska f\u00f6rete registreringsbevis (eller motsvarande beh\u00f6righetshandling) utvisande att de personer som har undertecknat fullmakten \u00e4r beh\u00f6riga firmatecknare f\u00f6r aktie\u00e4garen. F\u00f6r att underl\u00e4tta inpasseringen vid st\u00e4mman b\u00f6r fullmakt i original (med eventuella beh\u00f6righetshandlingar) i god tid f\u00f6re den extra bolagsst\u00e4mman s\u00e4ndas till bolaget p\u00e5 ovan angiven adress. Fullmakten f\u00e5r inte vara utf\u00e4rdad tidigare \u00e4n fem \u00e5r innan st\u00e4mman. Bolaget tillhandah\u00e5ller fullmaktsformul\u00e4r p\u00e5 bolagets webbplats, <a href=\"http:\/\/www.convendum.se\" rel=\"nofollow noopener\" target=\"_blank\">www.convendum.se<\/a>.<\/p>\n<p>F\u00f6rslag till dagordning\u00a0\u00a0\u00a0\u00a0\u00a0\u00a0\u00a0\u00a0\u00a0\u00a0\u00a0\u00a0\u00a0\u00a0\u00a0\u00a0\u00a0\u00a0\u00a0\u00a0\u00a0\u00a0\u00a0\u00a0\u00a0\u00a0\u00a0\u00a0\u00a0\u00a0\u00a0\u00a0\u00a0\u00a0\u00a0\u00a0<\/p>\n<ol>\n<li>\u00d6ppnande av st\u00e4mman<\/li>\n<li>Val av ordf\u00f6rande vid st\u00e4mman<\/li>\n<li>Uppr\u00e4ttande och godk\u00e4nnande av r\u00f6stl\u00e4ngd<\/li>\n<li>Val av en eller flera justeringspersoner<\/li>\n<li>Pr\u00f6vning av om st\u00e4mman blivit beh\u00f6rigen sammankallad<\/li>\n<li>Godk\u00e4nnande av dagordning<\/li>\n<li>Fastst\u00e4llande av antalet styrelseledam\u00f6ter<\/li>\n<li>Val av ny styrelseledamot<\/li>\n<li>Fastst\u00e4llande av arvode<\/li>\n<li>St\u00e4mmans avslutande<\/li>\n<\/ol>\n<p><strong><br \/>Beslutsf\u00f6rslag<br \/><\/strong>Punkt 2 \u2013 Val av ordf\u00f6rande vid st\u00e4mman<br \/>Styrelsen f\u00f6resl\u00e5r att den extra bolagsst\u00e4mman utser advokat Annika Andersson, Cirio Advokatbyr\u00e5, till ordf\u00f6rande vid st\u00e4mman.<\/p>\n<p>Punkt 7-9 \u2013 Fastst\u00e4llande av antalet styrelseledam\u00f6ter, val av ny styrelseledamot och fastst\u00e4llande av arvode <\/p>\n<p>Styrelsen f\u00f6resl\u00e5r f\u00f6ljande:<\/p>\n<ul>\n<li>Styrelsen ska ut\u00f6kas med en styrelseledamot och d\u00e4refter best\u00e5 av sju ordinarie styrelseledam\u00f6ter.<\/li>\n<li>Nyval av Peter Lundgren fr\u00e5n Erna Invest AB som styrelseledamot f\u00f6r tiden intill slutet av n\u00e4sta \u00e5rsst\u00e4mma.<\/li>\n<li>Arvode ska utg\u00e5 till Peter Lundgren f\u00f6r tiden intill slutet av n\u00e4sta \u00e5rsst\u00e4mma i enlighet med beslut fr\u00e5n \u00e5rsst\u00e4mman 2025.<\/li>\n<\/ul>\n<p><strong>Upplysningar p\u00e5 bolagsst\u00e4mman<br \/><\/strong>Styrelsen och verkst\u00e4llande direkt\u00f6ren ska, om n\u00e5gon aktie\u00e4gare beg\u00e4r det och styrelsen anser att det kan ske utan v\u00e4sentlig skada f\u00f6r bolaget, l\u00e4mna upplysningar om f\u00f6rh\u00e5llanden som kan inverka p\u00e5 bed\u00f6mningen av ett \u00e4rende p\u00e5 dagordningen, f\u00f6rh\u00e5llanden som kan inverka p\u00e5 bed\u00f6mningen av bolagets eller dotterf\u00f6retags ekonomiska situation och bolagets f\u00f6rh\u00e5llande till annat koncernf\u00f6retag. Den som vill skicka in fr\u00e5gor i f\u00f6rv\u00e4g kan g\u00f6ra det till: Convendum Corporation AB, attention: H\u00e5kan Jeppsson, Box 3359, 103 67 Stockholm eller via e-post till: <a href=\"https:\/\/via.tt.se\/pressmeddelande\/4210526\/mailto:hakan.jeppsson@convendum.se\" rel=\"nofollow noopener\" target=\"_blank\">hakan.jeppsson@convendum.se<\/a>. \u00a0<\/p>\n<p><strong>Tillhandah\u00e5llande av handlingar<br \/><\/strong>Fullmaktsformul\u00e4r och \u00f6vriga handlingar enligt aktiebolagslagen kommer att tillg\u00e4ngliga hos bolaget p\u00e5 Kungsgatan 9 i Stockholm samt p\u00e5 bolagets webbplats (<a href=\"http:\/\/www.convendum.se\" rel=\"nofollow noopener\" target=\"_blank\">www.convendum.se<\/a>) senast fr\u00e5n och med den 21 januari 2026. Handlingarna skickas ocks\u00e5 utan kostnad till de aktie\u00e4gare som beg\u00e4r det och som uppger sin postadress. Handlingarna kommer \u00e4ven att finnas tillg\u00e4ngliga vid den extra bolagsst\u00e4mman.<\/p>\n<p><strong>Hantering av personuppgifter<br \/><\/strong>F\u00f6r information om hur personuppgifter behandlas i samband med bolagsst\u00e4mman h\u00e4nvisas till den integritetspolicy som finns tillg\u00e4nglig p\u00e5 Euroclear Sweden AB:s hemsida: <a href=\"https:\/\/www.euroclear.com\/dam\/ESw\/Legal\/Integritetspolicy-bolagsstammor-svenska.pdf\" rel=\"nofollow noopener\" target=\"_blank\">https:\/\/www.euroclear.com\/dam\/ESw\/Legal\/Integritetspolicy-bolagsstammor-svenska.pdf<\/a>.<\/p>\n<p>Stockholm i januari 2026<br \/><strong>Convendum Corporation AB (publ)<br \/><\/strong><strong>Styrelsen<\/strong><\/p>\n","protected":false},"excerpt":{"rendered":"R\u00e4tt att delta Aktie\u00e4gare som \u00f6nskar delta p\u00e5 st\u00e4mman ska: dels vara inf\u00f6rd i den av Euroclear Sweden&hellip;\n","protected":false},"author":2,"featured_media":136693,"comment_status":"","ping_status":"","sticky":false,"template":"","format":"standard","meta":{"footnotes":""},"categories":[65],"tags":[72,70,71,34,31,33,32,30],"class_list":{"0":"post-136692","1":"post","2":"type-post","3":"status-publish","4":"format-standard","5":"has-post-thumbnail","7":"category-ekonomi","8":"tag-business","9":"tag-economy","10":"tag-ekonomi","11":"tag-se","12":"tag-svenska","13":"tag-sverige","14":"tag-sweden","15":"tag-swedish"},"share_on_mastodon":{"url":"https:\/\/pubeurope.com\/@se\/115898194635437065","error":""},"_links":{"self":[{"href":"https:\/\/www.europesays.com\/se\/wp-json\/wp\/v2\/posts\/136692","targetHints":{"allow":["GET"]}}],"collection":[{"href":"https:\/\/www.europesays.com\/se\/wp-json\/wp\/v2\/posts"}],"about":[{"href":"https:\/\/www.europesays.com\/se\/wp-json\/wp\/v2\/types\/post"}],"author":[{"embeddable":true,"href":"https:\/\/www.europesays.com\/se\/wp-json\/wp\/v2\/users\/2"}],"replies":[{"embeddable":true,"href":"https:\/\/www.europesays.com\/se\/wp-json\/wp\/v2\/comments?post=136692"}],"version-history":[{"count":0,"href":"https:\/\/www.europesays.com\/se\/wp-json\/wp\/v2\/posts\/136692\/revisions"}],"wp:featuredmedia":[{"embeddable":true,"href":"https:\/\/www.europesays.com\/se\/wp-json\/wp\/v2\/media\/136693"}],"wp:attachment":[{"href":"https:\/\/www.europesays.com\/se\/wp-json\/wp\/v2\/media?parent=136692"}],"wp:term":[{"taxonomy":"category","embeddable":true,"href":"https:\/\/www.europesays.com\/se\/wp-json\/wp\/v2\/categories?post=136692"},{"taxonomy":"post_tag","embeddable":true,"href":"https:\/\/www.europesays.com\/se\/wp-json\/wp\/v2\/tags?post=136692"}],"curies":[{"name":"wp","href":"https:\/\/api.w.org\/{rel}","templated":true}]}}