{"id":136694,"date":"2026-01-15T08:34:26","date_gmt":"2026-01-15T08:34:26","guid":{"rendered":"https:\/\/www.europesays.com\/se\/136694\/"},"modified":"2026-01-15T08:34:26","modified_gmt":"2026-01-15T08:34:26","slug":"trumps-irantullar-kan-oppna-handelskrig-med-kina","status":"publish","type":"post","link":"https:\/\/www.europesays.com\/se\/136694\/","title":{"rendered":"Trumps Irantullar kan \u00f6ppna handelskrig med Kina"},"content":{"rendered":"<p>\t\t\t\t\t<a href=\"https:\/\/www.tn.se\/tullkriget\/\" rel=\"nofollow noopener\" target=\"_blank\"><br \/>\n\t\t\t\tTULLKRISEN<br \/>\n\t\t\t<\/a><\/p>\n<p>\t\t\t\t<img decoding=\"async\" class=\"figure-img img-fluid\"  src=\"https:\/\/www.europesays.com\/se\/wp-content\/uploads\/2026\/01\/1768466066_351_bilder.tn.se.jpeg\" alt=\"\" itemprop=\"image\"\/><\/p>\n<p>\t\t\t\t\t\t\t\t\tUSA:s president Donald Trump och Kinas president Xi Jinping. Arkivbild.<br \/>\n\t\t\t\t\t\t\t\t\t\t\t\t\tBild:<br \/>\n\t\t\t\t\tMark Schiefelbein\/AP\/TT<\/p>\n<p>\n\t\tPublicerad:<br \/>\n\t\t13 jan 2026, 12:30\n\t<\/p>\n<p>Ekonomi (TT)<\/p>\n<p class=\"ew-preamble\" itemprop=\"description\">USA:s strafftullar mot de l\u00e4nder som handlar med Iran riskerar \u00f6ppna det s\u00e5riga handelskriget med Kina igen.<\/p>\n<p class=\"ew-preamble\" itemprop=\"description\">Om inte USA respekterar det tidigare avtalet med Kina, s\u00e5 har Peking r\u00e4tt att svara, s\u00e4ger Zhou Mi som \u00e4r kopplad till Kinas handelsdepartement.<\/p>\n<p class=\"ew-body\">I g\u00e5r meddelade USA:s president Donald Trump att USA med omedelbar verkan inf\u00f6r strafftullar mot de l\u00e4nder som handlar med Iran. Kina \u00e4r som stor oljek\u00f6pare Irans st\u00f6rsta handelspartner.<\/p>\n<p class=\"ew-body\">Zhou Mi, senior forskare p\u00e5 en tankesmedja kopplad till Kinas handelsdepartement, konstaterar att USA tidigare i sitt tullkrig med Kina har motiverat tarifferna med att de stora handelsunderskotten \u00e4r ett nationellt s\u00e4kerhetshot.<\/p>\n<p class=\"ew-body\">\u2013 Men nu, vilken koppling har handel mellan Iran och andra l\u00e4nder till USA:s s\u00e4kerhet, s\u00e4ger han enligt Bloomberg.<\/p>\n<p class=\"ew-body\">Trumps besked om strafftullar mot Irans handelspartner kommer samtidigt som han uppges \u00f6verv\u00e4ga hur USA kan straffa Iran sedan de regeringskritiska demonstrationerna blodigt slagits ned.<\/p>\n<p class=\"ew-body\">Flyganfall skulle vara ett av m\u00e5nga, m\u00e5nga alternativ som \u00f6verv\u00e4gs, sade Vita husets pressekreterare Karoline Leavitt p\u00e5 m\u00e5ndagen.<\/p>\n<p>\n\t\tPublicerad:<br \/>\n\t\t13 jan 2026, 12:30\n\t<\/p>\n","protected":false},"excerpt":{"rendered":"TULLKRISEN USA:s president Donald Trump och Kinas president Xi Jinping. Arkivbild. Bild: Mark Schiefelbein\/AP\/TT Publicerad: 13 jan 2026,&hellip;\n","protected":false},"author":2,"featured_media":136695,"comment_status":"","ping_status":"","sticky":false,"template":"","format":"standard","meta":{"footnotes":""},"categories":[14],"tags":[22,23,26,27,17,21,24,25,28,29,15,16,18,34,31,33,32,30,19,20,51,52,53,54],"class_list":{"0":"post-136694","1":"post","2":"type-post","3":"status-publish","4":"format-standard","5":"has-post-thumbnail","7":"category-varlden","8":"tag-breaking-news","9":"tag-breakingnews","10":"tag-featured-news","11":"tag-featurednews","12":"tag-headlines","13":"tag-huvudnyheter","14":"tag-latest-news","15":"tag-latestnews","16":"tag-main-news","17":"tag-mainnews","18":"tag-news","19":"tag-nyheter","20":"tag-rubriker","21":"tag-se","22":"tag-svenska","23":"tag-sverige","24":"tag-sweden","25":"tag-swedish","26":"tag-top-stories","27":"tag-topstories","28":"tag-varlden","29":"tag-world","30":"tag-world-news","31":"tag-worldnews"},"share_on_mastodon":{"url":"https:\/\/pubeurope.com\/@se\/115898198589771860","error":""},"_links":{"self":[{"href":"https:\/\/www.europesays.com\/se\/wp-json\/wp\/v2\/posts\/136694","targetHints":{"allow":["GET"]}}],"collection":[{"href":"https:\/\/www.europesays.com\/se\/wp-json\/wp\/v2\/posts"}],"about":[{"href":"https:\/\/www.europesays.com\/se\/wp-json\/wp\/v2\/types\/post"}],"author":[{"embeddable":true,"href":"https:\/\/www.europesays.com\/se\/wp-json\/wp\/v2\/users\/2"}],"replies":[{"embeddable":true,"href":"https:\/\/www.europesays.com\/se\/wp-json\/wp\/v2\/comments?post=136694"}],"version-history":[{"count":0,"href":"https:\/\/www.europesays.com\/se\/wp-json\/wp\/v2\/posts\/136694\/revisions"}],"wp:featuredmedia":[{"embeddable":true,"href":"https:\/\/www.europesays.com\/se\/wp-json\/wp\/v2\/media\/136695"}],"wp:attachment":[{"href":"https:\/\/www.europesays.com\/se\/wp-json\/wp\/v2\/media?parent=136694"}],"wp:term":[{"taxonomy":"category","embeddable":true,"href":"https:\/\/www.europesays.com\/se\/wp-json\/wp\/v2\/categories?post=136694"},{"taxonomy":"post_tag","embeddable":true,"href":"https:\/\/www.europesays.com\/se\/wp-json\/wp\/v2\/tags?post=136694"}],"curies":[{"name":"wp","href":"https:\/\/api.w.org\/{rel}","templated":true}]}}