{"id":136696,"date":"2026-01-15T08:35:18","date_gmt":"2026-01-15T08:35:18","guid":{"rendered":"https:\/\/www.europesays.com\/se\/136696\/"},"modified":"2026-01-15T08:35:18","modified_gmt":"2026-01-15T08:35:18","slug":"replik-reducera-inte-autism-till-ett-substantiv","status":"publish","type":"post","link":"https:\/\/www.europesays.com\/se\/136696\/","title":{"rendered":"Replik: Reducera inte autism till ett substantiv"},"content":{"rendered":"<p>Att debattera med er, som uttalar sig med tyngden av den egna erfarenheten, \u00e4r egentligen ingen bra id\u00e9. Men vi har pratat om det h\u00e4r med konsekvenserna av att \u00e5terinf\u00f6ra ordet \u201dautist\u201d s\u00e5 m\u00e5nga g\u00e5nger nu, mina v\u00e4nner med vuxna barn med autism och jag, att jag k\u00e4nner att jag \u00e4nd\u00e5 vill v\u00e5ga.<\/p>\n<p>De mammorna hinner inte sitta och skriva repliker, de har fullt upp med att t\u00e4cka upp f\u00f6r personliga assistenter som inte finns, sk\u00f6ta logistiken kring sjukbes\u00f6k och komplettera \u00e4renden i f\u00f6rvaltningsdomstolen f\u00f6r att inte riskera \u00e4nnu mer indraget st\u00f6d. D\u00e4rut\u00f6ver \u00f6nskar de sig framf\u00f6r allt lugn och ro. <\/p>\n<p>De som saknar tid saknar ocks\u00e5 r\u00f6st<\/p>\n<p>Vi beh\u00f6ver ett paradigmskifte inom de flesta samh\u00e4llsomr\u00e5den, inte minst inom v\u00e5rd och omsorg, och s\u00e4rskilt d\u00e5 inom psykiatrin. D\u00e4r vi l\u00e5ter personer med egen erfarenhet, de som \u00e4r ber\u00f6rda, ha inflytande \u00f6ver sin egen situation.<\/p>\n<p>Vi beh\u00f6ver f\u00f6rflytta makt till ber\u00f6rda, n\u00e5got som \u00e4r v\u00e4ldigt sv\u00e5rt i praktiken. Det h\u00e4r g\u00e4ller alla patienter, brukare, klienter, egenerfarna, medborgare \u2013 vilka otillr\u00e4ckliga ord som \u00e4n st\u00e5r till buds att anv\u00e4nda.<\/p>\n<p>Jag \u00e4r initiativtagare till, och leder, ett projekt just med syfte att lyfta fram r\u00f6sterna fr\u00e5n en grupp som har sv\u00e5rt att h\u00f6ras. I <a href=\"https:\/\/socialpolitik.com\/foreningen-socialpolitisk-debatt\/fornya-det-sociala-reportaget\/\" target=\"_blank\" rel=\"noopener nofollow\">F\u00f6rnya det sociala reportaget<\/a> ger vi p\u00e5 olika s\u00e4tt plats i samh\u00e4llsdebatten \u00e5t personer med egen erfarenhet av social utsatthet som heml\u00f6shet, skadligt bruk och psykisk oh\u00e4lsa.<\/p>\n<blockquote class=\"quote right\"><p>&#13;<\/p>\n<p>Vi m\u00e5ste problematisera vad det g\u00f6r med n\u00e5gon att reduceras till ett substantiv, om det s\u00e5 \u00e4r autist, heml\u00f6s, alkoholist eller knarkare<\/p>\n<p>&#13;<br \/>\n  <b\/>&#13;\n<\/p><\/blockquote>\n<p>Som journalist och redakt\u00f6r \u00e4r jag den fr\u00e4msta f\u00f6respr\u00e5karen av att orden \u00e4r viktiga. Vi m\u00e5ste d\u00e4rf\u00f6r problematisera vad det g\u00f6r med n\u00e5gon att reduceras till ett substantiv, om det s\u00e5 \u00e4r autist, heml\u00f6s, alkoholist eller knarkare. Vi \u00e4r s\u00e5 mycket mer. Och det \u00e4r just f\u00f6r att visa komplexiteten i att vara m\u00e4nniska som vi vill bort fr\u00e5n den h\u00e4r substantiveringen.<\/p>\n<p>Maktf\u00f6rskjutning kr\u00e4ver fler r\u00f6ster\u00a0<\/p>\n<p>L\u00f6sningen p\u00e5 en maktf\u00f6rskjutning ligger inte i att personer med h\u00f6gfungerande autism g\u00f6r sig till talespersoner f\u00f6r en hel grupp, d\u00e4r \u00e4ven 20-25 procent med autism som ocks\u00e5 har intellektuell funktionsneds\u00e4ttning ing\u00e5r. Personer som helt kommer bort i den h\u00e4r diskussionen.<\/p>\n<p>F\u00f6r att citera min v\u00e4n med ett vuxet barn med autism och intellektuell funktionsneds\u00e4ttning (If):<\/p>\n<p>\u201dOm man har autism och If och \u00e4r p\u00e5 den niv\u00e5n som mitt barn \u00e4r s\u00e5 ser de flesta nog bara en \u2019konstig\u2019 m\u00e4nniska. Diagnoserna tar l\u00e4tt \u00f6ver allt annat. F\u00f6r att betona att han \u00e4r s\u00e5 mycket mer, har en helt egen personlighet precis som alla vi andra, k\u00e4nns det viktigt att s\u00e4ga att han HAR autism\u201d, skriver v\u00e4nnen och forts\u00e4tter:<\/p>\n<p>\u201dDe som skrivit debattartikeln har bra jobb, kanske har de hittat r\u00e4tt och arbetar med sitt specialintresse och ses d\u00e5 sj\u00e4lvklart som s\u00e5 mycket mer \u00e4n sin neuropsykiatriska funktionsneds\u00e4ttning. Mitt barns specialintresse \u00e4r tunna pinnar, han kommer alltid att st\u00e5 utanf\u00f6r arbetsmarknaden. Han har autism, men det hj\u00e4lper inte honom att kallas autist. Tycker de ocks\u00e5 att man ska s\u00e4ga \u2019jag \u00e4r funktionsnedsatt\u2019 (som en etikett) och \u2019jag \u00e4r CP\u2019. Varf\u00f6r inte skruva tillbaka tiden och s\u00e4ga: \u2019Han \u00e4r idiot\u2019 om till exempel mitt barn?\u201d<\/p>\n<p>Det spr\u00e5kbruket tror jag ingen vill tillbaka till. Inte heller ni som undertecknar debattartikeln.<\/p>\n<p>Tidigare inl\u00e4gg i debatten<\/p>\n<p><a href=\"https:\/\/www.altinget.se\/artikel\/sluta-tala-om-autister-tala-med-oss-i-stallet\" target=\"_blank\" rel=\"noopener nofollow\"><strong>Sluta tala om autister \u2013 tala med oss i st\u00e4llet<\/strong><\/a><\/p>\n<p>I Sverige finns kunskap, resurser och engagemang kopplat till autism. Men s\u00e5 l\u00e4nge vi forts\u00e4tter tala om autistiska personer i st\u00e4llet f\u00f6r med autistiska personer kommer projektresultat och annat utvecklingsarbete att f\u00f6rbli begr\u00e4nsat. Det skriver en rad autistiska yrkespersoner.<\/p>\n","protected":false},"excerpt":{"rendered":"Att debattera med er, som uttalar sig med tyngden av den egna erfarenheten, \u00e4r egentligen ingen bra id\u00e9.&hellip;\n","protected":false},"author":2,"featured_media":136697,"comment_status":"","ping_status":"","sticky":false,"template":"","format":"standard","meta":{"footnotes":""},"categories":[12],"tags":[22,23,26,27,17,21,24,25,28,29,15,16,18,34,31,33,32,30,19,20],"class_list":{"0":"post-136696","1":"post","2":"type-post","3":"status-publish","4":"format-standard","5":"has-post-thumbnail","7":"category-sverige","8":"tag-breaking-news","9":"tag-breakingnews","10":"tag-featured-news","11":"tag-featurednews","12":"tag-headlines","13":"tag-huvudnyheter","14":"tag-latest-news","15":"tag-latestnews","16":"tag-main-news","17":"tag-mainnews","18":"tag-news","19":"tag-nyheter","20":"tag-rubriker","21":"tag-se","22":"tag-svenska","23":"tag-sverige","24":"tag-sweden","25":"tag-swedish","26":"tag-top-stories","27":"tag-topstories"},"share_on_mastodon":{"url":"https:\/\/pubeurope.com\/@se\/115898202625573480","error":""},"_links":{"self":[{"href":"https:\/\/www.europesays.com\/se\/wp-json\/wp\/v2\/posts\/136696","targetHints":{"allow":["GET"]}}],"collection":[{"href":"https:\/\/www.europesays.com\/se\/wp-json\/wp\/v2\/posts"}],"about":[{"href":"https:\/\/www.europesays.com\/se\/wp-json\/wp\/v2\/types\/post"}],"author":[{"embeddable":true,"href":"https:\/\/www.europesays.com\/se\/wp-json\/wp\/v2\/users\/2"}],"replies":[{"embeddable":true,"href":"https:\/\/www.europesays.com\/se\/wp-json\/wp\/v2\/comments?post=136696"}],"version-history":[{"count":0,"href":"https:\/\/www.europesays.com\/se\/wp-json\/wp\/v2\/posts\/136696\/revisions"}],"wp:featuredmedia":[{"embeddable":true,"href":"https:\/\/www.europesays.com\/se\/wp-json\/wp\/v2\/media\/136697"}],"wp:attachment":[{"href":"https:\/\/www.europesays.com\/se\/wp-json\/wp\/v2\/media?parent=136696"}],"wp:term":[{"taxonomy":"category","embeddable":true,"href":"https:\/\/www.europesays.com\/se\/wp-json\/wp\/v2\/categories?post=136696"},{"taxonomy":"post_tag","embeddable":true,"href":"https:\/\/www.europesays.com\/se\/wp-json\/wp\/v2\/tags?post=136696"}],"curies":[{"name":"wp","href":"https:\/\/api.w.org\/{rel}","templated":true}]}}