{"id":136710,"date":"2026-01-15T08:51:08","date_gmt":"2026-01-15T08:51:08","guid":{"rendered":"https:\/\/www.europesays.com\/se\/136710\/"},"modified":"2026-01-15T08:51:08","modified_gmt":"2026-01-15T08:51:08","slug":"s-plan-b-nar-l-aker-ur-riksdagen","status":"publish","type":"post","link":"https:\/\/www.europesays.com\/se\/136710\/","title":{"rendered":"s plan B n\u00e4r L \u00e5ker ur riksdagen?"},"content":{"rendered":"<p>Liberalerna kommer att \u00e5ka ur riksdagen i h\u00f6st.\u00a0<\/p>\n<p>Efter att l\u00e4nge ha sv\u00e4vat strax ovanf\u00f6r tv\u00e5 procent, visar tv\u00e5 nya m\u00e4tningar att partiet sannolikt \u00e4r r\u00f6kt. Liberalerna m\u00e4ter 1,8 procent (SVT\/Verian). Samtidigt sjunker v\u00e4ljarnas f\u00f6rtroende f\u00f6r partiledaren Simona Mohamsson till urusla tv\u00e5 procent, trots att fler b\u00f6rjar veta vem hon \u00e4r (TV4\/Novus).<\/p>\n<p>I takt med att Liberalernas opinionssiffror sjunker, kommer allt f\u00e4rre att vilja st\u00f6dr\u00f6sta p\u00e5 dem. F\u00f6r att v\u00e5ga st\u00f6dr\u00f6sta m\u00e5ste n\u00e4mligen v\u00e4ljaren tro att r\u00f6sten g\u00f6r skillnad f\u00f6r valresultatet. Redan vid drygt tv\u00e5 procent blir det mentala hindret h\u00f6gt. Under tv\u00e5 procent blir det n\u00e4rmast o\u00f6verstigligt.<\/p>\n<p>M\u00e4tningarna \u00e4r d\u00e4rf\u00f6r en katastrof \u2013 f\u00f6r Moderaterna och Kristdemokraterna.<\/p>\n<p>F\u00f6r n\u00e4r Liberalerna \u00e5ker ur riksdagen, kommer det inte att finnas st\u00f6d f\u00f6r en borgerlig regering under \u00f6versk\u00e5dlig tid. Om M och KD vill regera Sverige igen m\u00e5ste de b\u00f6rja fundera p\u00e5 vilka i dag ot\u00e4nkbara partier som kan bli framtida t\u00e4nkbara samarbetspartners.<\/p>\n<p>Detta har Ebba Busch (KD) redan insett.\u00a0<\/p>\n<p>N\u00e4r M och SD s\u00e5g till att energisamtalen havererade str\u00e4ckte KD-ledaren ut en hand till Magdalena Andersson. Busch ville bland annat visa Ulf Kristersson att han inte kan ta hennes st\u00f6d f\u00f6r givet. Men det var ocks\u00e5 en f\u00f6rsta positionsf\u00f6rflyttning f\u00f6r att KD ska kunna ing\u00e5 i nya konstellationer om Tid\u00f6samarbetet d\u00f6r p\u00e5 valnatten.<\/p>\n<p>Moderaterna verkar inte ha samma krisinsikt om att deras starkaste kort \u2013 n\u00e4mligen regeringsfr\u00e5gan \u2013 har g\u00e5tt upp i r\u00f6k. P\u00e5st\u00e5endet att Ulf Kristerssons sida av politiken kan komma \u00f6verens har f\u00f6rlorat trov\u00e4rdighet i och med L och SD:s of\u00f6renliga, ultimativa krav om SD i regeringen.<\/p>\n<p>Men nu n\u00e4r Liberalerna l\u00e4r l\u00e4mna riksdagen finns inte ens Ulf Kristerssons lag l\u00e4ngre.\u00a0<\/p>\n<p>Och om Liberalerna l\u00e4mnar rikspolitiken, tar de med sig blockpolitiken i fallet. Verkligheten har helt enkelt sprungit ifr\u00e5n Moderaternas valstrategi.<\/p>\n<p>Samtidigt oroas allt fler av det allvarliga s\u00e4kerhetsl\u00e4get, som f\u00f6rv\u00e4rrats av Trumps hot mot Gr\u00f6nland och d\u00e4rmed hela Natosamarbetets existens. Det skulle kunna vara en \u00f6ppning f\u00f6r Ulf Kristersson.\u00a0<\/p>\n<p>Om Moderaterna i det h\u00e4r l\u00e4get skulle \u00f6ppna f\u00f6r en koalitionsregering med Socialdemokraterna skulle Kristersson visa att han \u00e4r beredd att sl\u00e4ppa sin prestige f\u00f6r Sveriges b\u00e4sta \u2013 och med det kanske vinna st\u00f6rre f\u00f6rtroende hos v\u00e4ljarna.<\/p>\n<p>Fr\u00e5gan \u00e4r om Moderaternas ens v\u00e5gar omv\u00e4rdera regeringsfr\u00e5gan redan nu. Men f\u00f6r att anv\u00e4nda deras egna ord: v\u00e4ljarna f\u00f6rtj\u00e4nar att veta vilka realistiska regeringsalternativ som finns. Ett alternativ d\u00e4r Liberalerna ing\u00e5r \u00e4r inte det l\u00e4ngre.<\/p>\n<p>Det \u00e4r d\u00e4rf\u00f6r dags att b\u00f6rja fr\u00e5ga Moderaterna och Kristdemokraterna: Vad \u00e4r er plan B?<\/p>\n","protected":false},"excerpt":{"rendered":"Liberalerna kommer att \u00e5ka ur riksdagen i h\u00f6st.\u00a0 Efter att l\u00e4nge ha sv\u00e4vat strax ovanf\u00f6r tv\u00e5 procent, visar&hellip;\n","protected":false},"author":2,"featured_media":136711,"comment_status":"","ping_status":"","sticky":false,"template":"","format":"standard","meta":{"footnotes":""},"categories":[12],"tags":[22,23,26,27,17,21,24,25,28,29,15,16,18,34,31,33,32,30,19,20],"class_list":{"0":"post-136710","1":"post","2":"type-post","3":"status-publish","4":"format-standard","5":"has-post-thumbnail","7":"category-sverige","8":"tag-breaking-news","9":"tag-breakingnews","10":"tag-featured-news","11":"tag-featurednews","12":"tag-headlines","13":"tag-huvudnyheter","14":"tag-latest-news","15":"tag-latestnews","16":"tag-main-news","17":"tag-mainnews","18":"tag-news","19":"tag-nyheter","20":"tag-rubriker","21":"tag-se","22":"tag-svenska","23":"tag-sverige","24":"tag-sweden","25":"tag-swedish","26":"tag-top-stories","27":"tag-topstories"},"share_on_mastodon":{"url":"https:\/\/pubeurope.com\/@se\/115898265358031220","error":""},"_links":{"self":[{"href":"https:\/\/www.europesays.com\/se\/wp-json\/wp\/v2\/posts\/136710","targetHints":{"allow":["GET"]}}],"collection":[{"href":"https:\/\/www.europesays.com\/se\/wp-json\/wp\/v2\/posts"}],"about":[{"href":"https:\/\/www.europesays.com\/se\/wp-json\/wp\/v2\/types\/post"}],"author":[{"embeddable":true,"href":"https:\/\/www.europesays.com\/se\/wp-json\/wp\/v2\/users\/2"}],"replies":[{"embeddable":true,"href":"https:\/\/www.europesays.com\/se\/wp-json\/wp\/v2\/comments?post=136710"}],"version-history":[{"count":0,"href":"https:\/\/www.europesays.com\/se\/wp-json\/wp\/v2\/posts\/136710\/revisions"}],"wp:featuredmedia":[{"embeddable":true,"href":"https:\/\/www.europesays.com\/se\/wp-json\/wp\/v2\/media\/136711"}],"wp:attachment":[{"href":"https:\/\/www.europesays.com\/se\/wp-json\/wp\/v2\/media?parent=136710"}],"wp:term":[{"taxonomy":"category","embeddable":true,"href":"https:\/\/www.europesays.com\/se\/wp-json\/wp\/v2\/categories?post=136710"},{"taxonomy":"post_tag","embeddable":true,"href":"https:\/\/www.europesays.com\/se\/wp-json\/wp\/v2\/tags?post=136710"}],"curies":[{"name":"wp","href":"https:\/\/api.w.org\/{rel}","templated":true}]}}