{"id":136712,"date":"2026-01-15T08:52:09","date_gmt":"2026-01-15T08:52:09","guid":{"rendered":"https:\/\/www.europesays.com\/se\/136712\/"},"modified":"2026-01-15T08:52:09","modified_gmt":"2026-01-15T08:52:09","slug":"dodandet-i-iran-har-stoppats","status":"publish","type":"post","link":"https:\/\/www.europesays.com\/se\/136712\/","title":{"rendered":"D\u00f6dandet i Iran har stoppats"},"content":{"rendered":"<p>Publicerad 14 jan 2026 kl 21.27Uppdaterad 15 jan kl 08.19<\/p>\n<p>Iran kommer inte att avr\u00e4tta n\u00e5gra demonstranter under onsdagen eller torsdagen, s\u00e4ger landets utrikesminister till Fox News.\u00a0<\/p>\n<p>Samtidigt kallar FN:s s\u00e4kerhetsr\u00e5d till ett extra m\u00f6te.<\/p>\n<p>Senaste klippen om Trump-administrationen.<img   alt=\"\"\/><\/p>\n<p>Donald Trump under en presstr\u00e4ff i Vita huset p\u00e5 onsdagskv\u00e4llen.<\/p>\n<p>Foto: ALEX BRANDON  \/AP\/TT \/ AP TT NYHETSBYR\u00c5N<\/p>\n<p>\u00d6ppna bild i helsk\u00e4rm<img loading=\"lazy\"   alt=\"\"\/> <\/p>\n<p>Foto: NIKOUBAZL\/NURPHOTO\/SHUTTERSTOCK \/ SHUTTERSTOCK EDITORIAL\/IBL<\/p>\n<p>\u00d6ppna bild i helsk\u00e4rm<\/p>\n<p><a href=\"https:\/\/www.expressen.se\/tagg\/location\/iran\/\" class=\"\" rel=\"nofollow noopener\" target=\"_blank\">Iran<\/a> har tidigare sagt att de ska genomf\u00f6ra snabba r\u00e4tteg\u00e5ngar och avr\u00e4ttningar f\u00f6r de som gripits under protesterna mot regimen som p\u00e5g\u00e5r i landet. P\u00e5 onsdagen, amerikansk tid, s\u00e4ger dock utrikesminister Abbas Araghchi till Fox News att inga h\u00e4ngningar planerats \u201di dag eller i morgon\u201d.<\/p>\n<p>\u2013 Jag kan s\u00e4ga att jag \u00e4r s\u00e4ker p\u00e5 att inga h\u00e4ngningar planerats, s\u00e4ger han.<\/p>\n<p>Tidigare under kv\u00e4llen kom \u00e4ven uppgifter om att avr\u00e4ttningen av Erfan Soltani, som blivit en frontfigur f\u00f6r protestr\u00f6relsen, stoppats.<\/p>\n<p>Soltani skulle ha avr\u00e4ttats under onsdagen, men enligt m\u00e4nniskor\u00e4ttsorganisationen Hengaw har domen \u00e4nnu inte verkst\u00e4llts. Hans liv ska dock fortfarande vara i fara.<\/p>\n<p>Varnat om vederg\u00e4llning<\/p>\n<p>USA:s president Donald Trump har varnat f\u00f6r vederg\u00e4llning om Iran b\u00f6rjar avr\u00e4tta demonstranter.<\/p>\n<p>Irans besked kommer efter att det blivit k\u00e4nt att ett amerikanskt hangarfartyg \u00e4r p\u00e5 v\u00e4g mot Mellan\u00f6stern och efter att en k\u00e4lla till Reuters sagt att alla signaler pekar p\u00e5 en amerikansk attack inom kort.\u00a0<\/p>\n<p>Under natten mot torsdag st\u00e4ngde Iran sitt luftrum.\u00a0<\/p>\n<p>FN:s s\u00e4kerhetsr\u00e5d har kallat till ett m\u00f6te p\u00e5 torsdagen f\u00f6r att diskutera situationen i Iran.<\/p>\n<p><strong>L\u00c4S MER: <\/strong><a href=\"https:\/\/www.expressen.se\/nyheter\/varlden\/erfan-soltani-26-ska-avrattas-i-iran\/\" class=\"\" rel=\"nofollow noopener\" target=\"_blank\">Erfan Soltani, 26, ska avr\u00e4ttas i Iran<\/a><img alt=\"\"\/>Ljudklippet gick inte att spela upp<\/p>\n<p>F\u00f6rs\u00f6k igen senare<\/p>\n","protected":false},"excerpt":{"rendered":"Publicerad 14 jan 2026 kl 21.27Uppdaterad 15 jan kl 08.19 Iran kommer inte att avr\u00e4tta n\u00e5gra demonstranter under&hellip;\n","protected":false},"author":2,"featured_media":136713,"comment_status":"","ping_status":"","sticky":false,"template":"","format":"standard","meta":{"footnotes":""},"categories":[5],"tags":[22,23,26,27,17,21,24,25,971,28,29,15,16,18,34,55,31,33,32,30,19,781,20],"class_list":{"0":"post-136712","1":"post","2":"type-post","3":"status-publish","4":"format-standard","5":"has-post-thumbnail","7":"category-rubriker","8":"tag-breaking-news","9":"tag-breakingnews","10":"tag-featured-news","11":"tag-featurednews","12":"tag-headlines","13":"tag-huvudnyheter","14":"tag-latest-news","15":"tag-latestnews","16":"tag-location-iran","17":"tag-main-news","18":"tag-mainnews","19":"tag-news","20":"tag-nyheter","21":"tag-rubriker","22":"tag-se","23":"tag-sections-varlden","24":"tag-svenska","25":"tag-sverige","26":"tag-sweden","27":"tag-swedish","28":"tag-top-stories","29":"tag-topic-utrikespolitik","30":"tag-topstories"},"share_on_mastodon":{"url":"https:\/\/pubeurope.com\/@se\/115898269170089449","error":""},"_links":{"self":[{"href":"https:\/\/www.europesays.com\/se\/wp-json\/wp\/v2\/posts\/136712","targetHints":{"allow":["GET"]}}],"collection":[{"href":"https:\/\/www.europesays.com\/se\/wp-json\/wp\/v2\/posts"}],"about":[{"href":"https:\/\/www.europesays.com\/se\/wp-json\/wp\/v2\/types\/post"}],"author":[{"embeddable":true,"href":"https:\/\/www.europesays.com\/se\/wp-json\/wp\/v2\/users\/2"}],"replies":[{"embeddable":true,"href":"https:\/\/www.europesays.com\/se\/wp-json\/wp\/v2\/comments?post=136712"}],"version-history":[{"count":0,"href":"https:\/\/www.europesays.com\/se\/wp-json\/wp\/v2\/posts\/136712\/revisions"}],"wp:featuredmedia":[{"embeddable":true,"href":"https:\/\/www.europesays.com\/se\/wp-json\/wp\/v2\/media\/136713"}],"wp:attachment":[{"href":"https:\/\/www.europesays.com\/se\/wp-json\/wp\/v2\/media?parent=136712"}],"wp:term":[{"taxonomy":"category","embeddable":true,"href":"https:\/\/www.europesays.com\/se\/wp-json\/wp\/v2\/categories?post=136712"},{"taxonomy":"post_tag","embeddable":true,"href":"https:\/\/www.europesays.com\/se\/wp-json\/wp\/v2\/tags?post=136712"}],"curies":[{"name":"wp","href":"https:\/\/api.w.org\/{rel}","templated":true}]}}