{"id":136718,"date":"2026-01-15T08:57:11","date_gmt":"2026-01-15T08:57:11","guid":{"rendered":"https:\/\/www.europesays.com\/se\/136718\/"},"modified":"2026-01-15T08:57:11","modified_gmt":"2026-01-15T08:57:11","slug":"skatteverket-skarper-kontrollen-av-deklarationsombud","status":"publish","type":"post","link":"https:\/\/www.europesays.com\/se\/136718\/","title":{"rendered":"Skatteverket sk\u00e4rper kontrollen av deklarationsombud"},"content":{"rendered":"<p class=\"wp-block-x-gutenberg-blocks-preamble preamble\"><strong>Skatteverket sk\u00e4rper kontrollen av deklarationsombud efter att ha uppt\u00e4ckt fall d\u00e4r ombud har missbrukat sitt uppdrag, ibland i brottsligt syfte. <\/strong><br \/>Detta inneb\u00e4r att fler ans\u00f6kningar avsl\u00e5s och fler befintliga godk\u00e4nnanden \u00e5terkallas.<\/p>\n<p>Skatteverket bed\u00f6mer att cirka 60 deklarationsombuds godk\u00e4nnanden \u00e5terkallades under 2025. Dessa ombud f\u00f6retr\u00e4dde cirka 6\u00a0000 privatpersoner och f\u00f6retag.<\/p>\n<p>Vid l\u00e4mplighetsbed\u00f6mningen av ett deklarationsombud beaktas bland annat kunskap och erfarenhet, tidigare ekonomisk brottslighet, sk\u00f6tsamhet i redovisningen av skatter och avgifter samt att personen g\u00e5r att n\u00e5.<\/p>\n<p>\u2013 De allra flesta deklarationsombud g\u00f6r ett viktigt och seri\u00f6st arbete. Men n\u00e4r vi ser akt\u00f6rer som utnyttjar rollen f\u00f6r brottsliga syften m\u00e5ste vi agera. D\u00e4rf\u00f6r sk\u00e4rper vi kontrollen i hela kedjan, s\u00e4ger Carina Nicander-Olsson, sektionschef p\u00e5 Skatteverket.<\/p>\n","protected":false},"excerpt":{"rendered":"Skatteverket sk\u00e4rper kontrollen av deklarationsombud efter att ha uppt\u00e4ckt fall d\u00e4r ombud har missbrukat sitt uppdrag, ibland i&hellip;\n","protected":false},"author":2,"featured_media":136719,"comment_status":"","ping_status":"","sticky":false,"template":"","format":"standard","meta":{"footnotes":""},"categories":[65],"tags":[72,70,71,34,31,33,32,30],"class_list":{"0":"post-136718","1":"post","2":"type-post","3":"status-publish","4":"format-standard","5":"has-post-thumbnail","7":"category-ekonomi","8":"tag-business","9":"tag-economy","10":"tag-ekonomi","11":"tag-se","12":"tag-svenska","13":"tag-sverige","14":"tag-sweden","15":"tag-swedish"},"share_on_mastodon":{"url":"https:\/\/pubeurope.com\/@se\/115898288896078459","error":""},"_links":{"self":[{"href":"https:\/\/www.europesays.com\/se\/wp-json\/wp\/v2\/posts\/136718","targetHints":{"allow":["GET"]}}],"collection":[{"href":"https:\/\/www.europesays.com\/se\/wp-json\/wp\/v2\/posts"}],"about":[{"href":"https:\/\/www.europesays.com\/se\/wp-json\/wp\/v2\/types\/post"}],"author":[{"embeddable":true,"href":"https:\/\/www.europesays.com\/se\/wp-json\/wp\/v2\/users\/2"}],"replies":[{"embeddable":true,"href":"https:\/\/www.europesays.com\/se\/wp-json\/wp\/v2\/comments?post=136718"}],"version-history":[{"count":0,"href":"https:\/\/www.europesays.com\/se\/wp-json\/wp\/v2\/posts\/136718\/revisions"}],"wp:featuredmedia":[{"embeddable":true,"href":"https:\/\/www.europesays.com\/se\/wp-json\/wp\/v2\/media\/136719"}],"wp:attachment":[{"href":"https:\/\/www.europesays.com\/se\/wp-json\/wp\/v2\/media?parent=136718"}],"wp:term":[{"taxonomy":"category","embeddable":true,"href":"https:\/\/www.europesays.com\/se\/wp-json\/wp\/v2\/categories?post=136718"},{"taxonomy":"post_tag","embeddable":true,"href":"https:\/\/www.europesays.com\/se\/wp-json\/wp\/v2\/tags?post=136718"}],"curies":[{"name":"wp","href":"https:\/\/api.w.org\/{rel}","templated":true}]}}