{"id":136720,"date":"2026-01-15T08:59:06","date_gmt":"2026-01-15T08:59:06","guid":{"rendered":"https:\/\/www.europesays.com\/se\/136720\/"},"modified":"2026-01-15T08:59:06","modified_gmt":"2026-01-15T08:59:06","slug":"bildt-vittnar-i-lundinmalet-vasterbottens-kuriren","status":"publish","type":"post","link":"https:\/\/www.europesays.com\/se\/136720\/","title":{"rendered":"Bildt vittnar i Lundinm\u00e5let &#8211; V\u00e4sterbottens-Kuriren"},"content":{"rendered":"<ol>\n<li><a href=\"https:\/\/news.google.com\/rss\/articles\/CBMib0FVX3lxTFBlSnBLQnMzeDg4cmdWdmtqY0VVUlFlVERCbm5KWFd5dXkyWWEwY2xudU1QN01oQjhMRjk2bnVPTHQwbFRFZlBveDB0YWtyeDhXTmR2QXhQekpGa2U5dmVHbEsyU3lXU0NqSzBBWXRMaw?oc=5\" target=\"_blank\" rel=\"nofollow noopener\">Bildt vittnar i Lundinm\u00e5let<\/a>&nbsp;&nbsp;V\u00e4sterbottens-Kuriren<\/li>\n<li><a href=\"https:\/\/news.google.com\/rss\/articles\/CBMimgFBVV95cUxNRUpFbm9qV3pqdC13aFVlTHYweUZKRkxMd2JPRy02SDBVTFh1bFRwNzFRM0FrNk5sb0RPNEcyc1ZwdU5FUl9DeWlNVmUyQjJ3SjdBUXNQTkpfYms4NUI3TXFBbmtCcmR1UERtYmhWejVPVW1ObmkxNi1jNDVhY19BYzRGakFrVDJDOEV3ZHlVbUVWMUxCc0NjR0Zn?oc=5\" target=\"_blank\" rel=\"nofollow noopener\">Hembyn br\u00e4ndes ned \u2013 \u201dBildt \u00e4r ingen folkr\u00e4ttsk\u00e4mpe\u201d<\/a>&nbsp;&nbsp;Aftonbladet<\/li>\n<li><a href=\"https:\/\/news.google.com\/rss\/articles\/CBMikgFBVV95cUxNbnZUaldmdEZMZjV5Z3U2Y0tZa3poRHNWUVRySkNJblEzR1BIbWZIVi1EQUxtNl9vTFZNd2xlcnlFV0tXUUIxejRHN0RpWEVsVFJUWGRnQ2YzeG9aemxKaFJmeS1velZFOWRoemEyQzBOa1ltRzhuc24ycVNaRnY1akpLUGFJRlVWemFabTlXUjlyUQ?oc=5\" target=\"_blank\" rel=\"nofollow noopener\">Nu vittnar Carl Bildt om sin tid i Lundins styrelse<\/a>&nbsp;&nbsp;Sveriges Radio<\/li>\n<li><a href=\"https:\/\/news.google.com\/rss\/articles\/CBMirwFBVV95cUxQMndicHhkWTNxUVY3MjNUYXlaVzZaRUFmdU56bnZkZ0lpYjRqWUVPS0ZGczh4TGpPUVFlTUYtT1dYZUJiUW5aYzBrX0JtZndpZGp3cy1kaWZmZEU5cFY0WUd1Yng5M1lKYUFzRG1ib1Z6OC1nbDk3QnBJN1h0RTRFeXBKWmV4dGJOR1BrMXNlcVRJM2tsWkMzMEhLTFVaY1JIWlItajhSSXhGdlBhRzJr?oc=5\" target=\"_blank\" rel=\"nofollow noopener\">S\u00e5 blev Carl Bildt vittne i Sveriges l\u00e4ngsta r\u00e4tteg\u00e5ng<\/a>&nbsp;&nbsp;Kvartal<\/li>\n<li><a href=\"https:\/\/news.google.com\/rss\/articles\/CBMif0FVX3lxTE82Y0JvN3JtaHJCU05fUFhkTVU5UEIydTd0cHlPOERtMlBRSW53OERnT1RwN2RpMFBxNWhDSkQ1RVZ5b3VWQmxvVHktbm5jX3Y4Ylc3YVBqUERYVURoS1dzVy1PWXBRZVRKekNtLWRHU3NRM3VkZFVoSlB4aXh6TjQ?oc=5\" target=\"_blank\" rel=\"nofollow noopener\">Bildt vittnar i Lundinm\u00e5let \u2013 ska fr\u00e5gas ut om mejl<\/a>&nbsp;&nbsp;Omni<\/li>\n<\/ol>\n","protected":false},"excerpt":{"rendered":"Bildt vittnar i Lundinm\u00e5let&nbsp;&nbsp;V\u00e4sterbottens-Kuriren Hembyn br\u00e4ndes ned \u2013 \u201dBildt \u00e4r ingen folkr\u00e4ttsk\u00e4mpe\u201d&nbsp;&nbsp;Aftonbladet Nu vittnar Carl Bildt om sin&hellip;\n","protected":false},"author":2,"featured_media":136721,"comment_status":"","ping_status":"","sticky":false,"template":"","format":"standard","meta":{"footnotes":""},"categories":[12],"tags":[22,23,26,27,17,21,24,25,28,29,15,16,18,34,31,33,32,30,19,20],"class_list":{"0":"post-136720","1":"post","2":"type-post","3":"status-publish","4":"format-standard","5":"has-post-thumbnail","7":"category-sverige","8":"tag-breaking-news","9":"tag-breakingnews","10":"tag-featured-news","11":"tag-featurednews","12":"tag-headlines","13":"tag-huvudnyheter","14":"tag-latest-news","15":"tag-latestnews","16":"tag-main-news","17":"tag-mainnews","18":"tag-news","19":"tag-nyheter","20":"tag-rubriker","21":"tag-se","22":"tag-svenska","23":"tag-sverige","24":"tag-sweden","25":"tag-swedish","26":"tag-top-stories","27":"tag-topstories"},"share_on_mastodon":{"url":"https:\/\/pubeurope.com\/@se\/115898296780417792","error":""},"_links":{"self":[{"href":"https:\/\/www.europesays.com\/se\/wp-json\/wp\/v2\/posts\/136720","targetHints":{"allow":["GET"]}}],"collection":[{"href":"https:\/\/www.europesays.com\/se\/wp-json\/wp\/v2\/posts"}],"about":[{"href":"https:\/\/www.europesays.com\/se\/wp-json\/wp\/v2\/types\/post"}],"author":[{"embeddable":true,"href":"https:\/\/www.europesays.com\/se\/wp-json\/wp\/v2\/users\/2"}],"replies":[{"embeddable":true,"href":"https:\/\/www.europesays.com\/se\/wp-json\/wp\/v2\/comments?post=136720"}],"version-history":[{"count":0,"href":"https:\/\/www.europesays.com\/se\/wp-json\/wp\/v2\/posts\/136720\/revisions"}],"wp:featuredmedia":[{"embeddable":true,"href":"https:\/\/www.europesays.com\/se\/wp-json\/wp\/v2\/media\/136721"}],"wp:attachment":[{"href":"https:\/\/www.europesays.com\/se\/wp-json\/wp\/v2\/media?parent=136720"}],"wp:term":[{"taxonomy":"category","embeddable":true,"href":"https:\/\/www.europesays.com\/se\/wp-json\/wp\/v2\/categories?post=136720"},{"taxonomy":"post_tag","embeddable":true,"href":"https:\/\/www.europesays.com\/se\/wp-json\/wp\/v2\/tags?post=136720"}],"curies":[{"name":"wp","href":"https:\/\/api.w.org\/{rel}","templated":true}]}}