{"id":136727,"date":"2026-01-15T09:05:10","date_gmt":"2026-01-15T09:05:10","guid":{"rendered":"https:\/\/www.europesays.com\/se\/136727\/"},"modified":"2026-01-15T09:05:10","modified_gmt":"2026-01-15T09:05:10","slug":"avtalsrorelsen-ar-over-almega","status":"publish","type":"post","link":"https:\/\/www.europesays.com\/se\/136727\/","title":{"rendered":"Avtalsr\u00f6relsen \u00e4r \u00f6ver | Almega"},"content":{"rendered":"<p>\u2013 \u00c5ret har inletts p\u00e5 samma s\u00e4tt som det f\u00f6rra avslutades \u2013 i h\u00f6gt tempo. Bland annat har tv\u00e5 nya f\u00f6rbundsdirekt\u00f6rer tilltr\u00e4tt, <a href=\"https:\/\/www.almega.se\/2025\/12\/ny-forbundsdirektor-for-almega-sakerhetsforetagen\/\" rel=\"nofollow noopener\" target=\"_blank\">Maria Elinder<\/a> p\u00e5 S\u00e4kerhetsf\u00f6retagen och <a href=\"https:\/\/www.almega.se\/2025\/11\/ny-forbundsdirektor-for-vardforetagarna-inom-almega\/\" rel=\"nofollow noopener\" target=\"_blank\">Gunnar Caperius<\/a> p\u00e5 V\u00e5rdf\u00f6retagarna. Ett nytt avsnitt av <a href=\"https:\/\/www.almega.se\/2026\/01\/aktuellt-om-arbetstillstand\/\" rel=\"nofollow noopener\" target=\"_blank\">Almegapodden<\/a> har publicerats, precis som justitier\u00e5det Jonas Malmbergs utredning om hur <a href=\"https:\/\/www.almega.se\/2026\/01\/plattformsdirektivet-lovvart-men-feltankt\/\" rel=\"nofollow noopener\" target=\"_blank\">EU:s plattformsdirektiv<\/a> ska inf\u00f6ras i Sverige. Dessutom har vi kunnat enas med facken om detaljerna i <a href=\"https:\/\/www.almega.se\/2026\/01\/revisions-och-konsultavtalen-avslutar-almegas-avtalsrorelse\/\" rel=\"nofollow noopener\" target=\"_blank\">ytterligare tv\u00e5<\/a> kollektivavtal. 125 avtal senare \u00e4r d\u00e4rmed Almegas avtalsr\u00f6relse 2025 \u00f6ver och alla inblandade kan f\u00e5 en v\u00e4lf\u00f6rtj\u00e4nt paus \u2013 \u00e5tminstone fr\u00e5n kollektivavtalsf\u00f6rhandlingar.<\/p>\n<p>\u2013 Knappast, det finns hur mycket som helst att g\u00f6ra. Och samtidigt som vi l\u00e4mnar en avtalsr\u00f6relse s\u00e5 drar en valr\u00f6relse i g\u00e5ng p\u00e5 allvar. \u00c4ven om Almega inte tar st\u00e4llning f\u00f6r eller emot n\u00e5got parti jobbar vi ju med <a href=\"https:\/\/www.almega.se\/naringspolitik\/\" rel=\"nofollow noopener\" target=\"_blank\">politisk opinionsbildning<\/a> i alla fr\u00e5gor som ger v\u00e5ra medlemsf\u00f6retag b\u00e4ttre f\u00f6ruts\u00e4ttningar att verka och v\u00e4xa. Inf\u00f6r detta val handlar det, som alltid, om att f\u00f6ra upp l\u00e5ngsiktiga strukturreformer f\u00f6r f\u00f6retagande och tillv\u00e4xt p\u00e5 agendan.<\/p>\n<p>\u2013 Jag t\u00e4nker fr\u00e4mst p\u00e5 den svenska v\u00e4lf\u00e4rdsmodellen och hur f\u00f6retagande och marknadsl\u00f6sningar svartm\u00e5las fr\u00e5n b\u00e5de h\u00f6ger och v\u00e4nster. Vill man f\u00f6rbjuda aktiebolag i v\u00e4lf\u00e4rden fr\u00e5ntar man i praktiken valfriheten f\u00f6r miljontals svenskar. Dessutom har politiskt kontrollbehov g\u00e5ng p\u00e5 g\u00e5ng visat sig resultera i h\u00f6gre kostnader, l\u00e4gre kvalitet och s\u00e4mre tillg\u00e4nglighet. En av Almegas viktigaste uppgift \u00e4r d\u00e4rf\u00f6r att verka f\u00f6r en saklig debatt d\u00e4r kvalitet \u2013 inte driftsform \u2013 \u00e4r det centrala.<\/p>\n<p>\n        <strong>Publicerad:<\/strong> 15 januari 2026<br \/><strong>Senast uppdaterad:<\/strong> 15 januari 2026<\/p>\n","protected":false},"excerpt":{"rendered":"\u2013 \u00c5ret har inletts p\u00e5 samma s\u00e4tt som det f\u00f6rra avslutades \u2013 i h\u00f6gt tempo. Bland annat har&hellip;\n","protected":false},"author":2,"featured_media":136728,"comment_status":"","ping_status":"","sticky":false,"template":"","format":"standard","meta":{"footnotes":""},"categories":[65],"tags":[72,70,71,34,31,33,32,30],"class_list":{"0":"post-136727","1":"post","2":"type-post","3":"status-publish","4":"format-standard","5":"has-post-thumbnail","7":"category-ekonomi","8":"tag-business","9":"tag-economy","10":"tag-ekonomi","11":"tag-se","12":"tag-svenska","13":"tag-sverige","14":"tag-sweden","15":"tag-swedish"},"share_on_mastodon":{"url":"https:\/\/pubeurope.com\/@se\/115898320338837290","error":""},"_links":{"self":[{"href":"https:\/\/www.europesays.com\/se\/wp-json\/wp\/v2\/posts\/136727","targetHints":{"allow":["GET"]}}],"collection":[{"href":"https:\/\/www.europesays.com\/se\/wp-json\/wp\/v2\/posts"}],"about":[{"href":"https:\/\/www.europesays.com\/se\/wp-json\/wp\/v2\/types\/post"}],"author":[{"embeddable":true,"href":"https:\/\/www.europesays.com\/se\/wp-json\/wp\/v2\/users\/2"}],"replies":[{"embeddable":true,"href":"https:\/\/www.europesays.com\/se\/wp-json\/wp\/v2\/comments?post=136727"}],"version-history":[{"count":0,"href":"https:\/\/www.europesays.com\/se\/wp-json\/wp\/v2\/posts\/136727\/revisions"}],"wp:featuredmedia":[{"embeddable":true,"href":"https:\/\/www.europesays.com\/se\/wp-json\/wp\/v2\/media\/136728"}],"wp:attachment":[{"href":"https:\/\/www.europesays.com\/se\/wp-json\/wp\/v2\/media?parent=136727"}],"wp:term":[{"taxonomy":"category","embeddable":true,"href":"https:\/\/www.europesays.com\/se\/wp-json\/wp\/v2\/categories?post=136727"},{"taxonomy":"post_tag","embeddable":true,"href":"https:\/\/www.europesays.com\/se\/wp-json\/wp\/v2\/tags?post=136727"}],"curies":[{"name":"wp","href":"https:\/\/api.w.org\/{rel}","templated":true}]}}