{"id":136731,"date":"2026-01-15T09:08:07","date_gmt":"2026-01-15T09:08:07","guid":{"rendered":"https:\/\/www.europesays.com\/se\/136731\/"},"modified":"2026-01-15T09:08:07","modified_gmt":"2026-01-15T09:08:07","slug":"carl-bildt-vittnar-i-lundinmalet","status":"publish","type":"post","link":"https:\/\/www.europesays.com\/se\/136731\/","title":{"rendered":"Carl Bildt vittnar i Lundinm\u00e5let"},"content":{"rendered":"<p>Klockan 9.30 p\u00e5 torsdagen klev Carl Bildt i den fullpackade r\u00e4ttssalen och slog sig ned mitt i salen. Han f\u00e5r inleda med att avl\u00e4gga vittnesed.<\/p>\n<p>Jag, Carl Bildt, lovar och f\u00f6rs\u00e4krar p\u00e5 heder och samvete att jag ska s\u00e4ga hela sanningen, s\u00e4ger han.<\/p>\n<p><strong>M\u00e5let g\u00e4ller medhj\u00e4lp<\/strong> till grovt folkr\u00e4ttsbrott i s\u00f6dra Sudan mellan 1999 och 2003, d\u00e5 svenska Lundin Oil var verksamt i omr\u00e5det.<\/p>\n<p>De tv\u00e5 \u00e5talade, Ian Lundin och Alex Schneiter, tidigare styrelseordf\u00f6rande respektive vd f\u00f6r bolaget har, enligt \u00e5klagarna, medverkat till att den d\u00e5varande sudanesiska regimen begick krigsbrott f\u00f6r att s\u00e4kra bolagets oljeverksamhet i de s\u00f6dra landsdelarna. Under stridigheterna f\u00f6rdrevs, skadades och d\u00f6dades m\u00e5nga civila. B\u00e5da nekar till brott.<\/p>\n<p>Bildt var styrelseledamot i Lundin Oil fr\u00e5n 2000 till 2006, d\u00e5 han blev utrikesminister. F\u00f6rhandlingen har p\u00e5g\u00e5tt sedan h\u00f6sten 2023 och Bildt \u00e4r ett av ett hundratal vittnen som kallats.<\/p>\n<p>Han f\u00e5r en fr\u00e5ga fr\u00e5n \u00e5klagaren varf\u00f6r han rekryterades till bolaget. Troligen f\u00f6r att bidra med politisk kompetens, svarar Bildt.<\/p>\n<p>Energifr\u00e5gor \u00e4r generellt r\u00e4tt politiska, s\u00e4ger han.<\/p>\n<p><strong>Enligt \u00e5klagarens f\u00f6rh\u00f6rstema<\/strong> ska f\u00f6rh\u00f6ret med Bildt bland annat g\u00e4lla hans k\u00e4nnedom om situationen i block 5a, det omr\u00e5de d\u00e4r bolaget var verksamt, samt om regeringens krigf\u00f6ring.<\/p>\n<p>Han kommer \u00e4ven f\u00e5 svara p\u00e5 fr\u00e5gor om mejl och dokument han f\u00f6rfattat, som visat att han varnade styrelsen f\u00f6r situationen i landet. Det g\u00e4ller bland annat mejl till Ian Lundin 2001, d\u00e4r han beskrivit att regeringen \u00e5terupptagit \u201durskillningsl\u00f6sa bombningar\u201d, vilket <a href=\"https:\/\/blankspot.se\/schibbye-forhoret-med-carl-bildt-blir-ett-stresstest-for-aklagarna\/\" rel=\"nofollow noopener\" target=\"_blank\">Blankspot<\/a> rapporterat.<\/p>\n<p>Syftet med f\u00f6rh\u00f6ret \u00e4r enligt \u00e5klagarna bland annat att visa att Lundin och Schneiter visste att striderna i omr\u00e5det g\u00e4llde kontroll \u00f6ver oljeprospektering och att milit\u00e4ren begick krigsbrott.<\/p>\n<p>          Fakta.Sveriges l\u00e4ngsta r\u00e4tteg\u00e5ng<\/p>\n<p>R\u00e4tteg\u00e5ngen i det s\u00e5 kallade Lundinm\u00e5let har p\u00e5g\u00e5tt sedan september 2023 och \u00e4r den l\u00e4ngsta huvudf\u00f6rhandling som har h\u00e5llits i Sverige.<\/p>\n<p>I m\u00e5let \u00e4r Ian Lundin och Alex Schneiter, tidigare f\u00f6retr\u00e4dare f\u00f6r Lundin Oil, \u00e5talade f\u00f6r medhj\u00e4lp till grovt folkr\u00e4ttsbrott i s\u00f6dra Sudan 1999\u20132003, d\u00e5 det svenska bolaget var verksamt i det inb\u00f6rdeskrigsdrabbade landet.<\/p>\n<p>Enligt \u00e5talet hade de vetskap om och bidrog till att milit\u00e4r och regimtrogen milis d\u00f6dade och f\u00f6rdrev m\u00e4nniskor f\u00f6r att skapa f\u00f6ruts\u00e4ttningar \u00e5t Lundin Oils oljeprospektering i ett omr\u00e5de som sedan l\u00e4nge kontrollerades av rebeller.<\/p>\n<p>Lundin och Schneiter har f\u00f6rnekat misstankarna och menar att \u00e5talet grundas p\u00e5 en l\u00e5ng rad faktafel. Ut\u00f6ver att bestrida medhj\u00e4lp s\u00e5 bestrids att det beg\u00e5tts den typ av krigsbrott som \u00e5talet g\u00f6r g\u00e4llande.<\/p>\n<p>R\u00e4tteg\u00e5ngen ska avslutas i maj i \u00e5r.<\/p>\n<p>K\u00e4lla: TT<\/p>\n<p>            Visa mer<\/p>\n<p>            Visa mindre<\/p>\n","protected":false},"excerpt":{"rendered":"Klockan 9.30 p\u00e5 torsdagen klev Carl Bildt i den fullpackade r\u00e4ttssalen och slog sig ned mitt i salen.&hellip;\n","protected":false},"author":2,"featured_media":136732,"comment_status":"","ping_status":"","sticky":false,"template":"","format":"standard","meta":{"footnotes":""},"categories":[5],"tags":[22,23,26,27,17,21,24,25,28,29,15,16,18,34,31,33,32,30,19,20],"class_list":{"0":"post-136731","1":"post","2":"type-post","3":"status-publish","4":"format-standard","5":"has-post-thumbnail","7":"category-rubriker","8":"tag-breaking-news","9":"tag-breakingnews","10":"tag-featured-news","11":"tag-featurednews","12":"tag-headlines","13":"tag-huvudnyheter","14":"tag-latest-news","15":"tag-latestnews","16":"tag-main-news","17":"tag-mainnews","18":"tag-news","19":"tag-nyheter","20":"tag-rubriker","21":"tag-se","22":"tag-svenska","23":"tag-sverige","24":"tag-sweden","25":"tag-swedish","26":"tag-top-stories","27":"tag-topstories"},"share_on_mastodon":{"url":"https:\/\/pubeurope.com\/@se\/115898332089962456","error":""},"_links":{"self":[{"href":"https:\/\/www.europesays.com\/se\/wp-json\/wp\/v2\/posts\/136731","targetHints":{"allow":["GET"]}}],"collection":[{"href":"https:\/\/www.europesays.com\/se\/wp-json\/wp\/v2\/posts"}],"about":[{"href":"https:\/\/www.europesays.com\/se\/wp-json\/wp\/v2\/types\/post"}],"author":[{"embeddable":true,"href":"https:\/\/www.europesays.com\/se\/wp-json\/wp\/v2\/users\/2"}],"replies":[{"embeddable":true,"href":"https:\/\/www.europesays.com\/se\/wp-json\/wp\/v2\/comments?post=136731"}],"version-history":[{"count":0,"href":"https:\/\/www.europesays.com\/se\/wp-json\/wp\/v2\/posts\/136731\/revisions"}],"wp:featuredmedia":[{"embeddable":true,"href":"https:\/\/www.europesays.com\/se\/wp-json\/wp\/v2\/media\/136732"}],"wp:attachment":[{"href":"https:\/\/www.europesays.com\/se\/wp-json\/wp\/v2\/media?parent=136731"}],"wp:term":[{"taxonomy":"category","embeddable":true,"href":"https:\/\/www.europesays.com\/se\/wp-json\/wp\/v2\/categories?post=136731"},{"taxonomy":"post_tag","embeddable":true,"href":"https:\/\/www.europesays.com\/se\/wp-json\/wp\/v2\/tags?post=136731"}],"curies":[{"name":"wp","href":"https:\/\/api.w.org\/{rel}","templated":true}]}}