{"id":136737,"date":"2026-01-15T09:13:09","date_gmt":"2026-01-15T09:13:09","guid":{"rendered":"https:\/\/www.europesays.com\/se\/136737\/"},"modified":"2026-01-15T09:13:09","modified_gmt":"2026-01-15T09:13:09","slug":"darfor-faller-inflationen-starker-kopkraften-svd","status":"publish","type":"post","link":"https:\/\/www.europesays.com\/se\/136737\/","title":{"rendered":"D\u00e4rf\u00f6r faller inflationen \u2013 &quot;st\u00e4rker k\u00f6pkraften&quot; &#8211; SvD"},"content":{"rendered":"<ol>\n<li><a href=\"https:\/\/news.google.com\/rss\/articles\/CBMifkFVX3lxTE55TEh1M0FYMXdaQm9acFdfRnZxUERkdzZnWEo5Vzhmd3NOdVBObHdVRjVCNUZRYUhiYUZ3NDFyVnNfUnh4aVI0Z3ljalhMNXg0Sl9PMVdZYmdHR1NlTTBSeU5mWGwtZkdVZmN1VVA2VUVmalVITjF1bWxORHlyQQ?oc=5\" target=\"_blank\" rel=\"nofollow noopener\">D\u00e4rf\u00f6r faller inflationen \u2013 &#8221;st\u00e4rker k\u00f6pkraften&#8221;<\/a>&nbsp;&nbsp;SvD<\/li>\n<li><a href=\"https:\/\/news.google.com\/rss\/articles\/CBMiggFBVV95cUxOYTZZTHVZNVd2LU1TUElNRWt3anBlR21ueWtjRTFzLXJPRUNyTjYtcHZTLWJxWHFEam9peUlhanI1R3FxT05CTFU5bzlmVzM1aHYzNWJ5V25sRkNpeGZETkxqRTE4Tl9vLWdRa2l4M1doUFh5ZFdIWjgwVnZaZlpGSjZ3?oc=5\" target=\"_blank\" rel=\"nofollow noopener\">Bensin och m\u00f6bler trycker ned inflationen<\/a>&nbsp;&nbsp;SVT Nyheter<\/li>\n<li><a href=\"https:\/\/news.google.com\/rss\/articles\/CBMigAFBVV95cUxQMGdzMXhDVW82dU96TThkdmEyeFVvaTdZeWNFaWhrQlVlZ0hiZGpqTV9RR29Cd0o3RWN4VUtOaWREajlndVF3bFZEWGozSGhTcks5SWdDVGMwcFhPTS04M2RxRms5SU1wWnJlT3ExLW5adFFzb3VPTl9TNUFodWZLeQ?oc=5\" target=\"_blank\" rel=\"nofollow noopener\">Prisrally p\u00e5 gurka \u2013 s\u00e5 mycket dyrare blev maten 2025<\/a>&nbsp;&nbsp;DI<\/li>\n<li><a href=\"https:\/\/news.google.com\/rss\/articles\/CBMihgJBVV95cUxNMjVPNVJXMTRZNkxuNlMzcGFZb3RyakY1Vk9vVVNibHVNc3hnbXk5WlUyMm0telZHanN2SGxEamI1Nzhkc0NGYS0tQWlVTmlkU3U4YXVTV2NsZzNmVzBWdHdLcDRnQkdtVDEzUm5GX0VXWnhzZllVUlB3ZlVDVEw3NExrRXZrdkFfWFplSThTWmZyUFNGTGppR2dtY1dxS1VpSlF5RDNVMGNvT3BBSGhlZzdXU1VkanFHMG01YTJjS2pKZjVYWVBzaFZmYlJ2aEtsM1l2c1ZNWWtwZVQtcV9TWHh3MkwzejBIMV9fMktfSFVJTGFYYy1jcVlnTUdVR1dXRHc1UFJR?oc=5\" target=\"_blank\" rel=\"nofollow noopener\">Inflationstakten enligt KPI var 0,3 procent i december 2025<\/a>&nbsp;&nbsp;Statistikmyndigheten SCB<\/li>\n<li><a href=\"https:\/\/news.google.com\/rss\/articles\/CBMiigFBVV95cUxOanlHYXlyRjV6NVp1Vm1xbDRka1p4MXd5cTVqWjd2anVjV19QRE9JX09NQzRZU1VrNHZBT2ltXzZjbXZoTEJrX1hUTkhqMjRkTTFLYm5OSXdjenJnX0ZDU2lEa2dUbTBpeXJsUmF3QXlPd0VVdEZESnZ1UmtjN1paUHE3M0h3T2p2TWc?oc=5\" target=\"_blank\" rel=\"nofollow noopener\">SCB: Bensin och m\u00f6bler trycker ned inflationen<\/a>&nbsp;&nbsp;Aftonbladet<\/li>\n<\/ol>\n","protected":false},"excerpt":{"rendered":"D\u00e4rf\u00f6r faller inflationen \u2013 &#8221;st\u00e4rker k\u00f6pkraften&#8221;&nbsp;&nbsp;SvD Bensin och m\u00f6bler trycker ned inflationen&nbsp;&nbsp;SVT Nyheter Prisrally p\u00e5 gurka \u2013 s\u00e5&hellip;\n","protected":false},"author":2,"featured_media":136738,"comment_status":"","ping_status":"","sticky":false,"template":"","format":"standard","meta":{"footnotes":""},"categories":[65],"tags":[72,70,71,34,31,33,32,30],"class_list":{"0":"post-136737","1":"post","2":"type-post","3":"status-publish","4":"format-standard","5":"has-post-thumbnail","7":"category-ekonomi","8":"tag-business","9":"tag-economy","10":"tag-ekonomi","11":"tag-se","12":"tag-svenska","13":"tag-sverige","14":"tag-sweden","15":"tag-swedish"},"share_on_mastodon":{"url":"https:\/\/pubeurope.com\/@se\/115898351780580254","error":""},"_links":{"self":[{"href":"https:\/\/www.europesays.com\/se\/wp-json\/wp\/v2\/posts\/136737","targetHints":{"allow":["GET"]}}],"collection":[{"href":"https:\/\/www.europesays.com\/se\/wp-json\/wp\/v2\/posts"}],"about":[{"href":"https:\/\/www.europesays.com\/se\/wp-json\/wp\/v2\/types\/post"}],"author":[{"embeddable":true,"href":"https:\/\/www.europesays.com\/se\/wp-json\/wp\/v2\/users\/2"}],"replies":[{"embeddable":true,"href":"https:\/\/www.europesays.com\/se\/wp-json\/wp\/v2\/comments?post=136737"}],"version-history":[{"count":0,"href":"https:\/\/www.europesays.com\/se\/wp-json\/wp\/v2\/posts\/136737\/revisions"}],"wp:featuredmedia":[{"embeddable":true,"href":"https:\/\/www.europesays.com\/se\/wp-json\/wp\/v2\/media\/136738"}],"wp:attachment":[{"href":"https:\/\/www.europesays.com\/se\/wp-json\/wp\/v2\/media?parent=136737"}],"wp:term":[{"taxonomy":"category","embeddable":true,"href":"https:\/\/www.europesays.com\/se\/wp-json\/wp\/v2\/categories?post=136737"},{"taxonomy":"post_tag","embeddable":true,"href":"https:\/\/www.europesays.com\/se\/wp-json\/wp\/v2\/tags?post=136737"}],"curies":[{"name":"wp","href":"https:\/\/api.w.org\/{rel}","templated":true}]}}