{"id":136739,"date":"2026-01-15T09:15:08","date_gmt":"2026-01-15T09:15:08","guid":{"rendered":"https:\/\/www.europesays.com\/se\/136739\/"},"modified":"2026-01-15T09:15:08","modified_gmt":"2026-01-15T09:15:08","slug":"knutson-det-blir-viktigaste-fragorna-i-valet-senaste-nytt-om-valet-2026-svt-nyheter","status":"publish","type":"post","link":"https:\/\/www.europesays.com\/se\/136739\/","title":{"rendered":"Knutson: Det blir viktigaste fr\u00e5gorna i valet \u2013 Senaste nytt om valet 2026 &#8211; SVT Nyheter"},"content":{"rendered":"<ol>\n<li><a href=\"https:\/\/news.google.com\/rss\/articles\/CBMioAFBVV95cUxNOWRqZ2dPQnUzdV9hMUNpNUdJaEwwaWZUM1ptYnkxWHNoQVNDSHlmN0lGazdtbnZ4enprZi1wOEIxSU55d2hUVnBBOXlrTWlzTWd6UWwwZFgySF9EQk5FZ1BFMUlMb3RfOGVpcXBHWnIwNnpnQ1g4OXZrOWRnRWJsdko3VzczR1JQVC0ydFRGX2xWWmlGTFI0WHVJdHlTZWIx?oc=5\" target=\"_blank\" rel=\"nofollow noopener\">Knutson: Det blir viktigaste fr\u00e5gorna i valet \u2013 Senaste nytt om valet 2026<\/a>&nbsp;&nbsp;SVT Nyheter<\/li>\n<li><a href=\"https:\/\/news.google.com\/rss\/articles\/CBMilgFBVV95cUxQeUhPdXhNUUMyaE9VbUVGYVY1Y0luM1BLdGJVSkVtaS1IZnBnWG5SNThsR2ZLdDItRm1xVmpiQTVvWndlemMxdFFUYjF5azdEMjNEbm9ldTNXMUVRdkdZR2ZPeEJMVmhLVGIyU2s5Q1QtOUZkZ1FqMmFudEJnNEN6TS1nQnZyQVRyLUg1ZVJ3YjdjUzNld1E?oc=5\" target=\"_blank\" rel=\"nofollow noopener\">Blockbytarna avg\u00f6r valet 2026 \u2013 bostadsfr\u00e5gan f\u00f6rblir undanpressad<\/a>&nbsp;&nbsp;Bostadspolitik<\/li>\n<li><a href=\"https:\/\/news.google.com\/rss\/articles\/CBMiiAFBVV95cUxNMDdJdEZ1YXc0cHFmVVc0VXZXdWhUb2ZVWDhBYWNoWXF2S3BVUmdscEM3THAwMlBfRlFLelBWYTBHMGxSaEUtWUxWV3dBdFc5LVlOLTV5QUhudmQzMlp3REw0UzZwNkdXTHhLdUZqNDZ4djd4UDFrcElCWnJHWV9TdFVpZEZtRG1h?oc=5\" target=\"_blank\" rel=\"nofollow noopener\">Allt om valet 2026 \u2013 f\u00f6lj direktrapporten<\/a>&nbsp;&nbsp;Expressen<\/li>\n<li><a href=\"https:\/\/news.google.com\/rss\/articles\/CBMirwFBVV95cUxOcm5CZXpYWjg3eURqN0VlVS1BRHJCa3RyRGJiOGc3UU1rUlpmSEVjZTBzdzI4S2lQQTFkYlpLYm5WN3BhRWVJbXl1OXRKQm5tTjFkSnZEclpzX0phMWtvV1J1TlpLdWgzeGVHT3NkVHlDSHM4d3RhOGdieS0tejN3S0Q1UDA5Rjdab2x5aFlLMWt6WUl3bU5UdEZveV9vUUxXVXY0RHJUME4wSkVVV3JB?oc=5\" target=\"_blank\" rel=\"nofollow noopener\">Tv\u00e5 fr\u00e5gor avg\u00f6r valet 2026: klimatet och nazism<\/a>&nbsp;&nbsp;magasinetparagraf.se<\/li>\n<li><a href=\"https:\/\/news.google.com\/rss\/articles\/CBMiugFBVV95cUxOV1FSaVY0cTdaQndrc0JZTmtkbDVMRHlTU2FlQjRSSUMtWXJ4eVhTU2poZS1qbVlZRUVjNUttUnZnUVNELS0xdkhhd2VsLVRZMVJ6aUxSdzJkQmZNWHRDNkc0YlphMklYM192OXBjZVJMVzYwcFlMYXlWRW9CdTQzRzUxOGJvcEwtV2MxWmJWMEZGZzVPbVZjZVUyZm5ERVAzaWxNb2wxUjc5WW1Edk1objQ2OVpJdThxcmc?oc=5\" target=\"_blank\" rel=\"nofollow noopener\">Experterna sp\u00e5r val\u00e5ret 2026 \u2013 det blir de stora fr\u00e5gorna<\/a>&nbsp;&nbsp;GP<\/li>\n<\/ol>\n","protected":false},"excerpt":{"rendered":"Knutson: Det blir viktigaste fr\u00e5gorna i valet \u2013 Senaste nytt om valet 2026&nbsp;&nbsp;SVT Nyheter Blockbytarna avg\u00f6r valet 2026&hellip;\n","protected":false},"author":2,"featured_media":136206,"comment_status":"","ping_status":"","sticky":false,"template":"","format":"standard","meta":{"footnotes":""},"categories":[12],"tags":[22,23,26,27,17,21,24,25,28,29,15,16,18,34,31,33,32,30,19,20],"class_list":{"0":"post-136739","1":"post","2":"type-post","3":"status-publish","4":"format-standard","5":"has-post-thumbnail","7":"category-sverige","8":"tag-breaking-news","9":"tag-breakingnews","10":"tag-featured-news","11":"tag-featurednews","12":"tag-headlines","13":"tag-huvudnyheter","14":"tag-latest-news","15":"tag-latestnews","16":"tag-main-news","17":"tag-mainnews","18":"tag-news","19":"tag-nyheter","20":"tag-rubriker","21":"tag-se","22":"tag-svenska","23":"tag-sverige","24":"tag-sweden","25":"tag-swedish","26":"tag-top-stories","27":"tag-topstories"},"share_on_mastodon":{"url":"https:\/\/pubeurope.com\/@se\/115898359721835123","error":""},"_links":{"self":[{"href":"https:\/\/www.europesays.com\/se\/wp-json\/wp\/v2\/posts\/136739","targetHints":{"allow":["GET"]}}],"collection":[{"href":"https:\/\/www.europesays.com\/se\/wp-json\/wp\/v2\/posts"}],"about":[{"href":"https:\/\/www.europesays.com\/se\/wp-json\/wp\/v2\/types\/post"}],"author":[{"embeddable":true,"href":"https:\/\/www.europesays.com\/se\/wp-json\/wp\/v2\/users\/2"}],"replies":[{"embeddable":true,"href":"https:\/\/www.europesays.com\/se\/wp-json\/wp\/v2\/comments?post=136739"}],"version-history":[{"count":0,"href":"https:\/\/www.europesays.com\/se\/wp-json\/wp\/v2\/posts\/136739\/revisions"}],"wp:featuredmedia":[{"embeddable":true,"href":"https:\/\/www.europesays.com\/se\/wp-json\/wp\/v2\/media\/136206"}],"wp:attachment":[{"href":"https:\/\/www.europesays.com\/se\/wp-json\/wp\/v2\/media?parent=136739"}],"wp:term":[{"taxonomy":"category","embeddable":true,"href":"https:\/\/www.europesays.com\/se\/wp-json\/wp\/v2\/categories?post=136739"},{"taxonomy":"post_tag","embeddable":true,"href":"https:\/\/www.europesays.com\/se\/wp-json\/wp\/v2\/tags?post=136739"}],"curies":[{"name":"wp","href":"https:\/\/api.w.org\/{rel}","templated":true}]}}