{"id":136760,"date":"2026-01-15T09:31:11","date_gmt":"2026-01-15T09:31:11","guid":{"rendered":"https:\/\/www.europesays.com\/se\/136760\/"},"modified":"2026-01-15T09:31:11","modified_gmt":"2026-01-15T09:31:11","slug":"uppdaterade-samverkansregler-mellan-sjukvarden-och-foretag","status":"publish","type":"post","link":"https:\/\/www.europesays.com\/se\/136760\/","title":{"rendered":"Uppdaterade samverkansregler mellan sjukv\u00e5rden och f\u00f6retag"},"content":{"rendered":"<p><a target=\"_blank\" href=\"https:\/\/press.swedenbio.se\/posts\/pressreleases\/uppdaterade-samverkansregler-mellan-sjukvarde\" rel=\"nofollow noopener\"><img decoding=\"async\" class=\"image\" src=\"https:\/\/www.europesays.com\/se\/wp-content\/uploads\/2026\/01\/w8IEGAVEQSA4AhQuucAE.webp\" alt=\"Shaking hands\"\/><\/a><\/p>\n<p><strong>SKR och branschorganisationer inom life science har enats om uppdaterade samverkansregler mellan medarbetare inom h\u00e4lso- och sjukv\u00e5rden och representanter f\u00f6r f\u00f6retag.<\/strong><\/p>\n<p>De uppdaterade samverkansreglerna har antagits av Sveriges Kommuner och Regioner, Lif \u2013 de forskande l\u00e4kemedelsf\u00f6retagen, Swedish Medtech, SwedenBIO och Swedish Labtech. De tr\u00e4der i kraft den 1 februari 2026.<\/p>\n<p>Samverkan mellan h\u00e4lso- och sjukv\u00e5rd, forskning och f\u00f6retag inom l\u00e4kemedel, medicinteknik, bioteknik och diagnostik har l\u00e4nge varit viktig f\u00f6r utvecklingen av nya metoder och behandlingar. F\u00f6r att effektivt utveckla produkter kr\u00e4vs en n\u00e4ra och f\u00f6rtroendefull samverkan mellan industrin och h\u00e4lso- och sjukv\u00e5rden. Samverkan med industrin \u00e4r \u00e4ven viktigt f\u00f6r h\u00e4lso- och sjukv\u00e5rdspersonalens fortbildning och kompetensutveckling. Samverkan bidrar till att behandlingsmetoder kan f\u00f6rb\u00e4ttras, och till att en h\u00f6g patient- och anv\u00e4ndars\u00e4kerhet kan s\u00e4kerst\u00e4llas.<\/p>\n<p>Syftet med samverkansreglerna \u00e4r att gemensamt v\u00e4rna om att samarbetet kan forts\u00e4tta att utvecklas p\u00e5 ett f\u00f6rtroendefullt s\u00e4tt. Uppdateringen av \u00f6verenskommelsen har tagits fram gemensamt mellan parterna utifr\u00e5n omv\u00e4rldens krav p\u00e5 transparens, m\u00e5ttfullhet i samverkan och behovet av tydlig ansvarsf\u00f6rdelning. Samverkansreglerna best\u00e5r av en \u00f6vergripande \u00f6verenskommelse som anger grunderna f\u00f6r samverkan och en st\u00f6djande specifikation som beskriver konkreta samverkanssituationer.<\/p>\n<p>\u2013 Samverkan mellan h\u00e4lso- och sjukv\u00e5rden och industrin \u00e4r viktig och kan bland annat bidra till f\u00f6rb\u00e4ttrade behandlingsmetoder och att s\u00e4kerst\u00e4lla en h\u00f6g patient- och anv\u00e4ndars\u00e4kerhet. Nu \u00e4r vi \u00f6verens om uppdaterade samverkansregler som \u00e4r centrala f\u00f6r transparens och f\u00f6rtroende, s\u00e4ger Anders Henriksson, ordf\u00f6rande Sveriges Kommuner och Regioner.<\/p>\n<p>\u2013 Det \u00e4r helt avg\u00f6rande att vi forts\u00e4tter v\u00e4rna den goda samverkan som finns i dag mellan h\u00e4lso- och sjukv\u00e5rden och f\u00f6retagen. Det \u00e4r positivt att reglerna i vissa delar har f\u00f6renklats f\u00f6r att underl\u00e4tta samverkan, s\u00e4ger Emelie Antoni, ordf\u00f6rande Lif \u2013 de forskande l\u00e4kemedelsf\u00f6retagen.<\/p>\n<p>\u2013 En n\u00e4ra och transparent samverkan mellan h\u00e4lso- och sjukv\u00e5rd och den medicintekniska industrin \u00e4r avg\u00f6rande f\u00f6r att utveckla och inf\u00f6ra nya, s\u00e4kra och effektiva behandlingsmetoder i v\u00e5rden. Tydliga regler skapar trygghet och g\u00f6r det enklare f\u00f6r parterna att samarbeta p\u00e5 ett f\u00f6rtroendefullt s\u00e4tt, n\u00e5got som st\u00e4rker f\u00f6ruts\u00e4ttningarna f\u00f6r framtidens v\u00e5rd, s\u00e4ger Tove Christiansson, ordf\u00f6rande Swedish Medtech.<\/p>\n<p>\u2013 De uppdaterade samverkansreglerna ger \u00f6kad tydlighet och underl\u00e4ttar en ansvarsfull samverkan mellan v\u00e5rden och f\u00f6retagen ytterligare, vilket \u00e4r mycket positivt, s\u00e4ger Mattias Bengtsson, ordf\u00f6rande Swedish Labtech.\u00a0\u00a0\u00a0\u00a0\u00a0\u00a0\u00a0\u00a0\u00a0\u00a0\u00a0\u00a0\u00a0\u00a0\u00a0\u00a0\u00a0\u00a0\u00a0\u00a0\u00a0\u00a0\u00a0\u00a0\u00a0\u00a0\u00a0\u00a0\u00a0\u00a0\u00a0\u00a0\u00a0<\/p>\n<p>\u2013 Tydliga regler f\u00f6r samverkan mellan industrin och h\u00e4lso- och sjukv\u00e5rden \u00e4r viktigt f\u00f6r att kunna erbjuda och utveckla b\u00e4sta m\u00f6jliga v\u00e5rd nu och i framtiden, s\u00e4ger Jessica Martinsson, vd SwedenBIO<\/p>\n<p>\u00d6verenskommelsen g\u00e4ller fr\u00e5n den 1 februari 2026 och tills vidare, medan specifikationen avses uppdateras vid behov. Den uppdatering som nu antagits handlar framf\u00f6r allt om att inneh\u00e5llet har f\u00f6renklats och f\u00f6rtydligats s\u00e5 att det blir l\u00e4ttare f\u00f6r samverkande parter att g\u00f6ra r\u00e4tt.\u00a0<\/p>\n<p>\u00d6verenskommelsen finns att l\u00e4sa <a href=\"https:\/\/swedenbio.se\/vi-bygger-kunskap\/rapporter-och-faktablad\/\" target=\"_blank\" rel=\"noopener nofollow\">h\u00e4r.<\/a>\u00a0<\/p>\n<p><strong>\u00a0<\/strong><\/p>\n<p>\u00a0<\/p>\n<p><a target=\"_blank\" class=\"btn btn-green me-2 mt-1\" href=\"https:\/\/press.swedenbio.se\/posts\/pressreleases\/uppdaterade-samverkansregler-mellan-sjukvarde\" rel=\"nofollow noopener\">Read post on SwedenBIO newsroom<\/a><a target=\"_blank\" class=\"btn btn-green mt-1\" href=\"https:\/\/press.swedenbio.se\" rel=\"nofollow noopener\">Visit SwedenBIO newsroom<\/a><\/p>\n","protected":false},"excerpt":{"rendered":"SKR och branschorganisationer inom life science har enats om uppdaterade samverkansregler mellan medarbetare inom h\u00e4lso- och sjukv\u00e5rden och&hellip;\n","protected":false},"author":2,"featured_media":136761,"comment_status":"","ping_status":"","sticky":false,"template":"","format":"standard","meta":{"footnotes":""},"categories":[12],"tags":[22,23,26,27,17,21,24,25,28,29,15,16,18,34,31,33,32,30,19,20],"class_list":{"0":"post-136760","1":"post","2":"type-post","3":"status-publish","4":"format-standard","5":"has-post-thumbnail","7":"category-sverige","8":"tag-breaking-news","9":"tag-breakingnews","10":"tag-featured-news","11":"tag-featurednews","12":"tag-headlines","13":"tag-huvudnyheter","14":"tag-latest-news","15":"tag-latestnews","16":"tag-main-news","17":"tag-mainnews","18":"tag-news","19":"tag-nyheter","20":"tag-rubriker","21":"tag-se","22":"tag-svenska","23":"tag-sverige","24":"tag-sweden","25":"tag-swedish","26":"tag-top-stories","27":"tag-topstories"},"share_on_mastodon":{"url":"https:\/\/pubeurope.com\/@se\/115898422629009041","error":""},"_links":{"self":[{"href":"https:\/\/www.europesays.com\/se\/wp-json\/wp\/v2\/posts\/136760","targetHints":{"allow":["GET"]}}],"collection":[{"href":"https:\/\/www.europesays.com\/se\/wp-json\/wp\/v2\/posts"}],"about":[{"href":"https:\/\/www.europesays.com\/se\/wp-json\/wp\/v2\/types\/post"}],"author":[{"embeddable":true,"href":"https:\/\/www.europesays.com\/se\/wp-json\/wp\/v2\/users\/2"}],"replies":[{"embeddable":true,"href":"https:\/\/www.europesays.com\/se\/wp-json\/wp\/v2\/comments?post=136760"}],"version-history":[{"count":0,"href":"https:\/\/www.europesays.com\/se\/wp-json\/wp\/v2\/posts\/136760\/revisions"}],"wp:featuredmedia":[{"embeddable":true,"href":"https:\/\/www.europesays.com\/se\/wp-json\/wp\/v2\/media\/136761"}],"wp:attachment":[{"href":"https:\/\/www.europesays.com\/se\/wp-json\/wp\/v2\/media?parent=136760"}],"wp:term":[{"taxonomy":"category","embeddable":true,"href":"https:\/\/www.europesays.com\/se\/wp-json\/wp\/v2\/categories?post=136760"},{"taxonomy":"post_tag","embeddable":true,"href":"https:\/\/www.europesays.com\/se\/wp-json\/wp\/v2\/tags?post=136760"}],"curies":[{"name":"wp","href":"https:\/\/api.w.org\/{rel}","templated":true}]}}