{"id":136762,"date":"2026-01-15T09:32:06","date_gmt":"2026-01-15T09:32:06","guid":{"rendered":"https:\/\/www.europesays.com\/se\/136762\/"},"modified":"2026-01-15T09:32:06","modified_gmt":"2026-01-15T09:32:06","slug":"ericsson-varslar-1-600-i-sverige","status":"publish","type":"post","link":"https:\/\/www.europesays.com\/se\/136762\/","title":{"rendered":"Ericsson varslar 1\u00a0600 i Sverige"},"content":{"rendered":"<p>\u00c5tg\u00e4rden g\u00f6rs f\u00f6r att st\u00e4rka konkurrenskraften.<\/p>\n<p>\u201dDen f\u00f6reslagna personalminskningen \u00e4r en del av de globala initiativen f\u00f6r att f\u00f6rb\u00e4ttra kostnadsstrukturen\u201d, skriver bolaget bland annat.<\/p>\n<p>Ericsson har ungef\u00e4r 12\u00a0600 anst\u00e4llda i Sverige. Det inneb\u00e4r att fler \u00e4n var tionde anst\u00e4lld i Sverige f\u00e5r g\u00e5.<\/p>\n<p>Oklart vilka som ber\u00f6rs<\/p>\n<p>Enligt Ralf Bagner, presschef p\u00e5 Ericsson, g\u00e5r det i nul\u00e4get inte att s\u00e4ga vilka orter eller typer av tj\u00e4nster som ber\u00f6rs av varslet. <\/p>\n<p>\u2013 De fackliga f\u00f6rhandlingarna kommer avg\u00f6ra var och vem som kommer att p\u00e5verkas, s\u00e4ger Ralf Bagner. <\/p>\n<p>Han kan inte avg\u00f6ra exakt hur l\u00e5ng tid f\u00f6rhandlingarna kommer att ta men hoppas att de blir klara i \u00e5r. <\/p>\n<p>\u2013 Det f\u00e5r ta den tid det ta men ambitionen \u00e4r att det inte ska dra ut on\u00f6digt p\u00e5 tiden, s\u00e4ger Ralf Bagner. <\/p>\n<p>Varf\u00f6r varslar Ericsson?<\/p>\n<p>Ericsson verkar inom mobiln\u00e4tsmarknaden. Ralf Bagner s\u00e4ger till SVT att branschen k\u00e4mpat med l\u00e5g tillv\u00e4xt i flera \u00e5r och samtidigt pressats av inflationen. Dessutom genomf\u00f6r Ericsson satsningar f\u00f6r att vara konkurrenskraftiga i branschen. Sammantaget av detta g\u00f6r att man beh\u00f6ver dra ner p\u00e5 kostnader, s\u00e4ger Ralf Bagner. <\/p>\n<p>\u2013 Varslet som vi meddelat i dag \u00e4r inte isolerat till Sverige utan \u00e4r en del av st\u00f6rre bild, s\u00e4ger han.<\/p>\n<p>Initiativ i olika delar av det globala bolaget kommer att meddelas separat. <\/p>\n","protected":false},"excerpt":{"rendered":"\u00c5tg\u00e4rden g\u00f6rs f\u00f6r att st\u00e4rka konkurrenskraften. \u201dDen f\u00f6reslagna personalminskningen \u00e4r en del av de globala initiativen f\u00f6r att&hellip;\n","protected":false},"author":2,"featured_media":136763,"comment_status":"","ping_status":"","sticky":false,"template":"","format":"standard","meta":{"footnotes":""},"categories":[5],"tags":[22,23,26,27,17,21,24,25,28,29,15,16,18,34,31,33,32,30,19,20],"class_list":{"0":"post-136762","1":"post","2":"type-post","3":"status-publish","4":"format-standard","5":"has-post-thumbnail","7":"category-rubriker","8":"tag-breaking-news","9":"tag-breakingnews","10":"tag-featured-news","11":"tag-featurednews","12":"tag-headlines","13":"tag-huvudnyheter","14":"tag-latest-news","15":"tag-latestnews","16":"tag-main-news","17":"tag-mainnews","18":"tag-news","19":"tag-nyheter","20":"tag-rubriker","21":"tag-se","22":"tag-svenska","23":"tag-sverige","24":"tag-sweden","25":"tag-swedish","26":"tag-top-stories","27":"tag-topstories"},"share_on_mastodon":{"url":"https:\/\/pubeurope.com\/@se\/115898426493381889","error":""},"_links":{"self":[{"href":"https:\/\/www.europesays.com\/se\/wp-json\/wp\/v2\/posts\/136762","targetHints":{"allow":["GET"]}}],"collection":[{"href":"https:\/\/www.europesays.com\/se\/wp-json\/wp\/v2\/posts"}],"about":[{"href":"https:\/\/www.europesays.com\/se\/wp-json\/wp\/v2\/types\/post"}],"author":[{"embeddable":true,"href":"https:\/\/www.europesays.com\/se\/wp-json\/wp\/v2\/users\/2"}],"replies":[{"embeddable":true,"href":"https:\/\/www.europesays.com\/se\/wp-json\/wp\/v2\/comments?post=136762"}],"version-history":[{"count":0,"href":"https:\/\/www.europesays.com\/se\/wp-json\/wp\/v2\/posts\/136762\/revisions"}],"wp:featuredmedia":[{"embeddable":true,"href":"https:\/\/www.europesays.com\/se\/wp-json\/wp\/v2\/media\/136763"}],"wp:attachment":[{"href":"https:\/\/www.europesays.com\/se\/wp-json\/wp\/v2\/media?parent=136762"}],"wp:term":[{"taxonomy":"category","embeddable":true,"href":"https:\/\/www.europesays.com\/se\/wp-json\/wp\/v2\/categories?post=136762"},{"taxonomy":"post_tag","embeddable":true,"href":"https:\/\/www.europesays.com\/se\/wp-json\/wp\/v2\/tags?post=136762"}],"curies":[{"name":"wp","href":"https:\/\/api.w.org\/{rel}","templated":true}]}}